{"id":2431,"date":"2024-10-07T14:50:35","date_gmt":"2024-10-07T18:50:35","guid":{"rendered":"https:\/\/ptmt.com.br\/?p=2431"},"modified":"2024-10-07T14:51:06","modified_gmt":"2024-10-07T18:51:06","slug":"rumo-a-vitoria-ludio-vai-ao-segundo-turno-com-forca-da-populacao-e-apoio-politico","status":"publish","type":"post","link":"https:\/\/ptmt.com.br\/?p=2431","title":{"rendered":"RUMO A VIT\u00d3RIA:    L\u00fadio vai ao segundo turno com for\u00e7a da popula\u00e7\u00e3o e apoio pol\u00edtico"},"content":{"rendered":"<p>O candidato a prefeito L\u00fadio Cabral avan\u00e7ou para o segundo turno das elei\u00e7\u00f5es em Cuiab\u00e1, neste domingo (6). Encerrada \u00e0s 18h40, a apura\u00e7\u00e3o computou 90.719 votos para a coliga\u00e7\u00e3o \u201cCoragem e For\u00e7a pra Mudar\u201d, o que representa 28,31% do total de votos v\u00e1lidos na capital.<\/p>\n<p>Acompanhado de sua esposa, Maria Teresa, da candidata a vice-prefeita Rafaela F\u00e1varo e do ministro da Agricultura e Pecu\u00e1ria, Carlos F\u00e1varo, L\u00fadio esteve no Tribunal Regional Eleitoral (TRE) depois da apura\u00e7\u00e3o, onde cumprimentou os magistrados e falou com a imprensa.<\/p>\n<p>O resultado consolidou o crescimento de L\u00fadio ao longo da campanha. \u201cQuero agradecer a popula\u00e7\u00e3o que nos acolheu e confiou no mesmo prop\u00f3sito. No segundo turno come\u00e7a uma nova elei\u00e7\u00e3o e vou seguir da mesma forma, respeitando as pessoas, apresentando propostas e debatendo solu\u00e7\u00f5es para os problemas de Cuiab\u00e1\u201d, disse L\u00fadio a jornalistas que o aguardavam no TRE.<\/p>\n<p>Sobre a pr\u00f3xima etapa da disputa, o candidato afirmou que o prop\u00f3sito \u00e9 agregar e n\u00e3o dividir a popula\u00e7\u00e3o. \u201cN\u00e3o tem sentindo uma campanha de polariza\u00e7\u00e3o, de divis\u00e3o, de discuss\u00e3o que n\u00e3o seja dos problemas da cidade. E espero que as pr\u00f3ximas tr\u00eas semanas sejam de debates de propostas para que a popula\u00e7\u00e3o possa escolher o candidato que est\u00e1 mais preparado.\u201d<\/p>\n<p>L\u00fadio tamb\u00e9m refor\u00e7ou o apoio do governo federal para obter os recursos que a capital precisa, destacando tamb\u00e9m que buscar\u00e1 parcerias com o governo do estado. \u201cNossa popula\u00e7\u00e3o merece uma prefeitura \u00e0 altura dela, com servi\u00e7os de qualidade e esse ser\u00e1 meu foco.\u201d<\/p>\n<p>Rafaela F\u00e1varo destacou a receptividade da rua. \u201cA gente sentia que as pessoas realmente estavam entendendo as nossas propostas e gostando do que est\u00e1vamos mostrando. Vimos que a popula\u00e7\u00e3o melhor pra Cuiab\u00e1. Tamb\u00e9m ficamos muito felizes com a quantidade de mulheres eleitas e com boas vota\u00e7\u00f5es para a c\u00e2mara. A sociedade est\u00e1 entendendo que as mulheres t\u00eam que estar nos cargos de poder assim como os homens\u201d, afirmou.<\/p>\n<p>Para o ministro da Agricultura e Pecu\u00e1ria, Carlos F\u00e1varo, a f\u00f3rmula que levou \u00e0 coliga\u00e7\u00e3o ao segundo turno tamb\u00e9m garantir\u00e1 a vit\u00f3ria no segundo turno. \u201cO L\u00fadio e a Rafaela despertarem no cora\u00e7\u00e3o das pessoas a esperan\u00e7a de uma Cuiab\u00e1 melhor e tenho certeza que isso vai se repetir agora tamb\u00e9m no segundo turno. O L\u00fadio \u00e9 o melhor candidato, o mais preparado. E a Rafaela foi uma grande revela\u00e7\u00e3o. Com esse trabalho vamos ampliar o di\u00e1logo com todos.<\/p>\n<p>L\u00fadio \u00e9 candidato pela coliga\u00e7\u00e3o \u201cCoragem e For\u00e7a pra Mudar\u201d, que re\u00fane a Federa\u00e7\u00e3o Brasil da Esperan\u00e7a (PT, PV e PCdoB), o PSD e a Federa\u00e7\u00e3o PSOL-REDE. A chapa tem como candidata a vice-prefeita a jornalista e empres\u00e1ria Rafaela F\u00e1varo.<\/p>\n","protected":false},"excerpt":{"rendered":"<p>O candidato a prefeito L\u00fadio Cabral avan\u00e7ou para o segundo turno das elei\u00e7\u00f5es em Cuiab\u00e1, neste domingo (6). Encerrada \u00e0s 18h40, a apura\u00e7\u00e3o computou 90.719 votos para a coliga\u00e7\u00e3o \u201cCoragem [&hellip;]<\/p>\n","protected":false},"author":2,"featured_media":2432,"comment_status":"open","ping_status":"open","sticky":false,"template":"","format":"standard","meta":{"footnotes":""},"categories":[9,8],"tags":[],"_links":{"self":[{"href":"https:\/\/ptmt.com.br\/index.php?rest_route=\/wp\/v2\/posts\/2431"}],"collection":[{"href":"https:\/\/ptmt.com.br\/index.php?rest_route=\/wp\/v2\/posts"}],"about":[{"href":"https:\/\/ptmt.com.br\/index.php?rest_route=\/wp\/v2\/types\/post"}],"author":[{"embeddable":true,"href":"https:\/\/ptmt.com.br\/index.php?rest_route=\/wp\/v2\/users\/2"}],"replies":[{"embeddable":true,"href":"https:\/\/ptmt.com.br\/index.php?rest_route=%2Fwp%2Fv2%2Fcomments&post=2431"}],"version-history":[{"count":1,"href":"https:\/\/ptmt.com.br\/index.php?rest_route=\/wp\/v2\/posts\/2431\/revisions"}],"predecessor-version":[{"id":2433,"href":"https:\/\/ptmt.com.br\/index.php?rest_route=\/wp\/v2\/posts\/2431\/revisions\/2433"}],"wp:featuredmedia":[{"embeddable":true,"href":"https:\/\/ptmt.com.br\/index.php?rest_route=\/wp\/v2\/media\/2432"}],"wp:attachment":[{"href":"https:\/\/ptmt.com.br\/index.php?rest_route=%2Fwp%2Fv2%2Fmedia&parent=2431"}],"wp:term":[{"taxonomy":"category","embeddable":true,"href":"https:\/\/ptmt.com.br\/index.php?rest_route=%2Fwp%2Fv2%2Fcategories&post=2431"},{"taxonomy":"post_tag","embeddable":true,"href":"https:\/\/ptmt.com.br\/index.php?rest_route=%2Fwp%2Fv2%2Ftags&post=2431"}],"curies":[{"name":"wp","href":"https:\/\/api.w.org\/{rel}","templated":true}]}}