{"id":2438,"date":"2024-10-29T12:38:59","date_gmt":"2024-10-29T16:38:59","guid":{"rendered":"https:\/\/ptmt.com.br\/?p=2438"},"modified":"2024-11-05T11:22:23","modified_gmt":"2024-11-05T15:22:23","slug":"ludio-agradece-pelos-mais-de-127-mil-votos-a-prefeitura-de-cuiaba","status":"publish","type":"post","link":"https:\/\/ptmt.com.br\/?p=2438","title":{"rendered":"L\u00fadio agradece pelos mais de 127 mil votos \u00e0 Prefeitura de Cuiab\u00e1"},"content":{"rendered":"<p>Ap\u00f3s encerrar a corrida eleitoral em segunda coloca\u00e7\u00e3o, o deputado estadual L\u00fadio Cabral (PT \u2013 Federa\u00e7\u00e3o Brasil da Esperan\u00e7a) agradeceu pelos mais de 127 mil \u00a0votos recebidos\u00a0 na disputa ao Pal\u00e1cio Laencastro, e disse que se sente vitorioso pelo resultado.<\/p>\n<p>Neste segundo turno, considerado um dos mais disputados em todo Brasil, o \u00a0candidato petista obteve 46,20% dos votos, mesmo enfrentando de \u00f3dio e a dissemina\u00e7\u00e3o das ideias antipetistas na capital do agroneg\u00f3cio brasileiro.<\/p>\n<p>Em coletiva, logo ap\u00f3s o resultado das urnas, L\u00fadio avaliou que n\u00e3o esperava o resultado ou que fosse chegar t\u00e3o longe e destacou que, agora, focar\u00e1 no mandato de deputado estadual.<\/p>\n<p>Ele afirma que ainda \u00e9 cedo para falar sobre uma poss\u00edvel candidatura em 2026, nas elei\u00e7\u00f5es para governo do estado.<\/p>\n<p>\u201cSigo no exerc\u00edcio dos meus mandatos pelo PT. Sigo na minha milit\u00e2ncia pelo Partido dos Trabalhadores. Agora, me propondo a um di\u00e1logo mais amplo, que foi o que n\u00f3s buscamos nessa campanha: dialogar com a popula\u00e7\u00e3o que \u00e9 cr\u00edtica em rela\u00e7\u00e3o ao PT e tendo a humildade para acolher esse posicionamento cr\u00edtico, para identificar, na cr\u00edtica, posi\u00e7\u00f5es comuns pelo bem da popula\u00e7\u00e3o\u201d, destaca.<\/p>\n","protected":false},"excerpt":{"rendered":"<p>Ap\u00f3s encerrar a corrida eleitoral em segunda coloca\u00e7\u00e3o, o deputado estadual L\u00fadio Cabral (PT \u2013 Federa\u00e7\u00e3o Brasil da Esperan\u00e7a) agradeceu pelos mais de 127 mil \u00a0votos recebidos\u00a0 na disputa ao [&hellip;]<\/p>\n","protected":false},"author":2,"featured_media":2439,"comment_status":"open","ping_status":"open","sticky":false,"template":"","format":"standard","meta":{"footnotes":""},"categories":[9,117,8],"tags":[],"_links":{"self":[{"href":"https:\/\/ptmt.com.br\/index.php?rest_route=\/wp\/v2\/posts\/2438"}],"collection":[{"href":"https:\/\/ptmt.com.br\/index.php?rest_route=\/wp\/v2\/posts"}],"about":[{"href":"https:\/\/ptmt.com.br\/index.php?rest_route=\/wp\/v2\/types\/post"}],"author":[{"embeddable":true,"href":"https:\/\/ptmt.com.br\/index.php?rest_route=\/wp\/v2\/users\/2"}],"replies":[{"embeddable":true,"href":"https:\/\/ptmt.com.br\/index.php?rest_route=%2Fwp%2Fv2%2Fcomments&post=2438"}],"version-history":[{"count":1,"href":"https:\/\/ptmt.com.br\/index.php?rest_route=\/wp\/v2\/posts\/2438\/revisions"}],"predecessor-version":[{"id":2440,"href":"https:\/\/ptmt.com.br\/index.php?rest_route=\/wp\/v2\/posts\/2438\/revisions\/2440"}],"wp:featuredmedia":[{"embeddable":true,"href":"https:\/\/ptmt.com.br\/index.php?rest_route=\/wp\/v2\/media\/2439"}],"wp:attachment":[{"href":"https:\/\/ptmt.com.br\/index.php?rest_route=%2Fwp%2Fv2%2Fmedia&parent=2438"}],"wp:term":[{"taxonomy":"category","embeddable":true,"href":"https:\/\/ptmt.com.br\/index.php?rest_route=%2Fwp%2Fv2%2Fcategories&post=2438"},{"taxonomy":"post_tag","embeddable":true,"href":"https:\/\/ptmt.com.br\/index.php?rest_route=%2Fwp%2Fv2%2Ftags&post=2438"}],"curies":[{"name":"wp","href":"https:\/\/api.w.org\/{rel}","templated":true}]}}