{"id":2441,"date":"2024-10-29T12:44:37","date_gmt":"2024-10-29T16:44:37","guid":{"rendered":"https:\/\/ptmt.com.br\/?p=2441"},"modified":"2024-11-05T11:21:59","modified_gmt":"2024-11-05T15:21:59","slug":"ministro-gilmar-mendes-anula-todas-as-condenacoes-da-lava-jato-contra-jose-dirceu","status":"publish","type":"post","link":"https:\/\/ptmt.com.br\/?p=2441","title":{"rendered":"Ministro Gilmar Mendes anula todas as condena\u00e7\u00f5es da Lava Jato contra Jos\u00e9 Dirceu"},"content":{"rendered":"<p>Mais uma farsa da Lava Jato acaba de ser desmontada. O ministro Gilmar Mendes, do Supremo Tribunal Federal (STF), anulou, na segunda-feira (28), todas as condena\u00e7\u00f5es da opera\u00e7\u00e3o contra Jos\u00e9 Dirceu (PT). O magistrado atendeu a um pedido da defesa para estender ao ex-ministro a decis\u00e3o da 2\u00aa Turma da Corte que considerou o ex-juiz Sergio Moro suspeito para julgar o presidente Lula. A partir de agora, Dirceu retoma seus direitos pol\u00edticos.<\/p>\n<p>No despacho, o ministro critica a \u201cconfraria formada pelo ex-Juiz S\u00e9rgio Moro e os Procuradores da Curitiba\u201d. Ele afirma que a opera\u00e7\u00e3o \u201cencarava a condena\u00e7\u00e3o de Dirceu como objetivo a ser alcan\u00e7ado para alicer\u00e7ar as den\u00fancias que, em seguida, seriam oferecidas contra Luiz In\u00e1cio Lula da Silva\u201d. Para Gilmar Mendes, as a\u00e7\u00f5es da Lava Jato contra Dirceu eram \u201calicerce\u201d contra Lula.<\/p>\n<p>Por essa raz\u00e3o, o ministro decidiu que a \u201cextens\u00e3o, assim, legitima-se n\u00e3o como uma medida geral, que aproveita a qualquer outro investigado na Lava Jato, mas devido a indicativos de que o juiz e procuradores ajustaram estrat\u00e9gias contra esses r\u00e9us, tendo a condena\u00e7\u00e3o de um deles como alicerce da den\u00fancia oferecida contra outro\u201d.<\/p>\n<p>\u201cAnte o exposto, ante a situa\u00e7\u00e3o particular do r\u00e9u, defiro o pedido da defesa para determinar a extens\u00e3o da ordem de Habeas Corpus (\u2026) anulando todos os atos processuais do ex-juiz federal Sergio Moro nesses processos e em procedimentos conexos, exclusivamente em rela\u00e7\u00e3o ao ex-ministro Jos\u00e9 Dirceu\u201d, prosseguiu Gilmar Mendes.<\/p>\n<h3>Fez-se justi\u00e7a<\/h3>\n<p>A presidenta nacional do PT, deputada federal Gleisi Hoffmann (PR), repercutiu a decis\u00e3o do ministro pela rede social X, e parabenizou o ex-ministro: \u201cSTF faz Justi\u00e7a, anulando as condena\u00e7\u00f5es ilegais de Sergio Moro a Jos\u00e9 Dirceu na farsa da Lava Jato. \u00c9 o mesmo entendimento j\u00e1 aplicado no pleno do STF ao presidente Lula, que demonstrou em sua defesa a parcialidade de Moro e seu conluio com os procuradores para perseguir Lula. Parab\u00e9ns pela vit\u00f3ria Z\u00e9 Dirceu!\u201d.<\/p>\n<h3>Vaza Jato<\/h3>\n<p>Na decis\u00e3o favor\u00e1vel a Dirceu, Gilmar Mendes recupera o julgamento do STF e mensagens da Vaza Jato, que mostraram as combina\u00e7\u00f5es entre Sergio Moro e procuradores da Lava Jato na condu\u00e7\u00e3o de processos fraudulentos.\u00a0Ao longo de 24 p\u00e1ginas, o ministro destaca os sete ind\u00edcios que o Supremo levou em conta ao considerar que houve quebra de imparcialidade por Moro ao julgar Lula. Ele tamb\u00e9m lista mensagens entre a for\u00e7a-tarefa de Curitiba e o ex-juiz reveladas pela imprensa.<\/p>\n<p>Gilmar tamb\u00e9m faz cr\u00edticas a Moro por ter deixado a magistratura para se tornar ministro do governo de Jair Bolsonaro. O ministro afirma que Moro tinha o desejo de \u201cimpulsionar movimentos sociais e for\u00e7as de oposi\u00e7\u00e3o ao partido pol\u00edtico liderado pelo paciente \u2014for\u00e7as estas a que ele mesmo, em seguida, viria a aderir, quando aceitou o convite para integrar o governo de Jair Bolsonaro\u201d.<\/p>\n<h3>Defesa diz que processos miravam Lula<\/h3>\n<p>O advogado de Dirceu, Roberto Podval, afirma que o ex-ministro recebeu \u201ccom tranquilidade\u201d a decis\u00e3o de Gilmar Mendes. Em nota, Podval afirma que \u201cos processos contra Dirceu tinham por objetivo real atingir o presidente Lu\u00eds In\u00e1cio Lula da Silva, o que demonstra a quebra de parcialidade das a\u00e7\u00f5es\u201d.<\/p>\n<p>\u201cO ex-ministro Jos\u00e9 Dirceu recebeu com tranquilidade a decis\u00e3o do Supremo Tribunal Federal que anula todas as condena\u00e7\u00f5es da opera\u00e7\u00e3o Lava Jato que incidem contra ele. A decis\u00e3o, que restitui seus direitos pol\u00edticos, entende que os processos contra Dirceu tinham por objetivo real atingir o presidente Lu\u00eds In\u00e1cio Lula da Silva, o que demonstra a quebra de parcialidade das a\u00e7\u00f5es. A anula\u00e7\u00e3o atende ao pedido da defesa do ex-ministro, que solicitou a extens\u00e3o da decis\u00e3o da 2\u00aa Turma do Supremo que considerou parciais as decis\u00f5es da Lava Jato e do ex-juiz Sergio Moro nos casos que envolvem o presidente Lula. Jos\u00e9 Dirceu sempre confiou na Justi\u00e7a\u201d.<\/p>\n","protected":false},"excerpt":{"rendered":"<p>Mais uma farsa da Lava Jato acaba de ser desmontada. O ministro Gilmar Mendes, do Supremo Tribunal Federal (STF), anulou, na segunda-feira (28), todas as condena\u00e7\u00f5es da opera\u00e7\u00e3o contra Jos\u00e9 [&hellip;]<\/p>\n","protected":false},"author":2,"featured_media":2442,"comment_status":"open","ping_status":"open","sticky":false,"template":"","format":"standard","meta":{"footnotes":""},"categories":[117,8],"tags":[],"_links":{"self":[{"href":"https:\/\/ptmt.com.br\/index.php?rest_route=\/wp\/v2\/posts\/2441"}],"collection":[{"href":"https:\/\/ptmt.com.br\/index.php?rest_route=\/wp\/v2\/posts"}],"about":[{"href":"https:\/\/ptmt.com.br\/index.php?rest_route=\/wp\/v2\/types\/post"}],"author":[{"embeddable":true,"href":"https:\/\/ptmt.com.br\/index.php?rest_route=\/wp\/v2\/users\/2"}],"replies":[{"embeddable":true,"href":"https:\/\/ptmt.com.br\/index.php?rest_route=%2Fwp%2Fv2%2Fcomments&post=2441"}],"version-history":[{"count":1,"href":"https:\/\/ptmt.com.br\/index.php?rest_route=\/wp\/v2\/posts\/2441\/revisions"}],"predecessor-version":[{"id":2443,"href":"https:\/\/ptmt.com.br\/index.php?rest_route=\/wp\/v2\/posts\/2441\/revisions\/2443"}],"wp:featuredmedia":[{"embeddable":true,"href":"https:\/\/ptmt.com.br\/index.php?rest_route=\/wp\/v2\/media\/2442"}],"wp:attachment":[{"href":"https:\/\/ptmt.com.br\/index.php?rest_route=%2Fwp%2Fv2%2Fmedia&parent=2441"}],"wp:term":[{"taxonomy":"category","embeddable":true,"href":"https:\/\/ptmt.com.br\/index.php?rest_route=%2Fwp%2Fv2%2Fcategories&post=2441"},{"taxonomy":"post_tag","embeddable":true,"href":"https:\/\/ptmt.com.br\/index.php?rest_route=%2Fwp%2Fv2%2Ftags&post=2441"}],"curies":[{"name":"wp","href":"https:\/\/api.w.org\/{rel}","templated":true}]}}