{"id":2452,"date":"2024-11-05T10:54:28","date_gmt":"2024-11-05T14:54:28","guid":{"rendered":"https:\/\/ptmt.com.br\/?p=2452"},"modified":"2024-11-06T13:38:57","modified_gmt":"2024-11-06T17:38:57","slug":"professor-e-defensor-dos-direitos-sociais-carlito-pereira-da-rocha-retorna-a-camara-municipal-de-juina","status":"publish","type":"post","link":"https:\/\/ptmt.com.br\/?p=2452","title":{"rendered":"Professor e defensor dos Direitos Sociais: Carlito Pereira da Rocha retorna \u00e0 C\u00e2mara Municipal de Ju\u00edna"},"content":{"rendered":"<p>O professor de Hist\u00f3ria, Carlito Pereira da Rocha, foi eleito vereador por Ju\u00edna no \u00faltimo dia 6 de outubro, conquistando 696 votos e alcan\u00e7ando a 5\u00aa coloca\u00e7\u00e3o entre os 95 candidatos que disputavam as 13 vagas da C\u00e2mara Municipal.<\/p>\n<p>Aos 61 anos, professor Carlito se declara cat\u00f3lico e atuante nas \u00e1reas de educa\u00e7\u00e3o, sa\u00fade e defesa dos direitos dos povos ind\u00edgenas.<\/p>\n<p>No entanto, a educa\u00e7\u00e3o sempre foi sua principal bandeira, o que o levou a militar por mais de 30 anos no Movimento Sindical, atuando como Diretor Regional do Sintep-MT e respons\u00e1vel pela subsede do sindicato em Ju\u00edna.<\/p>\n<p>Esta, por\u00e9m, n\u00e3o \u00e9 sua primeira experi\u00eancia no legislativo; Carlito j\u00e1 havia exercido o mandato de vereador entre 2016 e 2020. Agora, ele retorna \u00e0 C\u00e2mara como oposi\u00e7\u00e3o, trazendo consigo a determina\u00e7\u00e3o e o compromisso do Partido dos Trabalhadores para representar Ju\u00edna com for\u00e7a e dedica\u00e7\u00e3o.<\/p>\n","protected":false},"excerpt":{"rendered":"<p>O professor de Hist\u00f3ria, Carlito Pereira da Rocha, foi eleito vereador por Ju\u00edna no \u00faltimo dia 6 de outubro, conquistando 696 votos e alcan\u00e7ando a 5\u00aa coloca\u00e7\u00e3o entre os 95 [&hellip;]<\/p>\n","protected":false},"author":2,"featured_media":2453,"comment_status":"open","ping_status":"open","sticky":false,"template":"","format":"standard","meta":{"footnotes":""},"categories":[117,8],"tags":[],"_links":{"self":[{"href":"https:\/\/ptmt.com.br\/index.php?rest_route=\/wp\/v2\/posts\/2452"}],"collection":[{"href":"https:\/\/ptmt.com.br\/index.php?rest_route=\/wp\/v2\/posts"}],"about":[{"href":"https:\/\/ptmt.com.br\/index.php?rest_route=\/wp\/v2\/types\/post"}],"author":[{"embeddable":true,"href":"https:\/\/ptmt.com.br\/index.php?rest_route=\/wp\/v2\/users\/2"}],"replies":[{"embeddable":true,"href":"https:\/\/ptmt.com.br\/index.php?rest_route=%2Fwp%2Fv2%2Fcomments&post=2452"}],"version-history":[{"count":2,"href":"https:\/\/ptmt.com.br\/index.php?rest_route=\/wp\/v2\/posts\/2452\/revisions"}],"predecessor-version":[{"id":2464,"href":"https:\/\/ptmt.com.br\/index.php?rest_route=\/wp\/v2\/posts\/2452\/revisions\/2464"}],"wp:featuredmedia":[{"embeddable":true,"href":"https:\/\/ptmt.com.br\/index.php?rest_route=\/wp\/v2\/media\/2453"}],"wp:attachment":[{"href":"https:\/\/ptmt.com.br\/index.php?rest_route=%2Fwp%2Fv2%2Fmedia&parent=2452"}],"wp:term":[{"taxonomy":"category","embeddable":true,"href":"https:\/\/ptmt.com.br\/index.php?rest_route=%2Fwp%2Fv2%2Fcategories&post=2452"},{"taxonomy":"post_tag","embeddable":true,"href":"https:\/\/ptmt.com.br\/index.php?rest_route=%2Fwp%2Fv2%2Ftags&post=2452"}],"curies":[{"name":"wp","href":"https:\/\/api.w.org\/{rel}","templated":true}]}}