{"id":2460,"date":"2024-11-06T10:13:56","date_gmt":"2024-11-06T14:13:56","guid":{"rendered":"https:\/\/ptmt.com.br\/?p=2460"},"modified":"2024-11-10T20:39:32","modified_gmt":"2024-11-11T00:39:32","slug":"pedrinho-da-agricultura-rompe-barreiras-e-conquista-vaga-na-camara-de-jaciara","status":"publish","type":"post","link":"https:\/\/ptmt.com.br\/?p=2460","title":{"rendered":"Pedrinho da Agricultura rompe barreiras e conquista vaga na C\u00e2mara de Jaciara"},"content":{"rendered":"<p>Ap\u00f3s ocupar, por quatro meses, a supl\u00eancia na C\u00e2mara de Vereadores de Jaciara, Pedro Nepomuceno Alves Filho, conhecido como Pedrinho da Agricultura, finalmente garantiu uma cadeira permanente no legislativo, com 528 votos de confian\u00e7a no \u00faltimo dia 6 de outubro.<\/p>\n<p>Aos 49 anos, evang\u00e9lico, Pedrinho superou os desafios de preconceito e intoler\u00e2ncia ao Partido dos Trabalhadores, conquistando o apoio de seus irm\u00e3os de f\u00e9.<\/p>\n<p>Sua trajet\u00f3ria como presidente da Associa\u00e7\u00e3o de Pequenos Produtores do Distrito de Celma, em Jaciara e sua experi\u00eancia de quatro anos como diretor de Agricultura Municipal consolidaram sua principal bandeira: a defesa da agricultura familiar e dos pequenos produtores.<br \/>\nPedrinho da Agricultura rompe barreiras e conquista vaga na C\u00e2mara de Jaciara<\/p>\n<p>Ap\u00f3s ocupar, por quatro meses, a supl\u00eancia na C\u00e2mara de Vereadores de Jaciara, Pedro Nepomuceno Alves Filho, conhecido como Pedrinho da Agricultura, finalmente garantiu uma cadeira permanente no legislativo, com 528 votos de confian\u00e7a no \u00faltimo dia 6 de outubro.<\/p>\n<p>Aos 49 anos, evang\u00e9lico, Pedrinho superou os desafios de preconceito e intoler\u00e2ncia ao Partido dos Trabalhadores, conquistando o apoio de seus irm\u00e3os de f\u00e9.<\/p>\n<p>Sua trajet\u00f3ria como presidente da Associa\u00e7\u00e3o de Pequenos Produtores do Distrito de Celma, em Jaciara e sua experi\u00eancia de quatro anos como diretor de Agricultura Municipal consolidaram sua principal bandeira: a defesa da agricultura familiar e dos pequenos produtores.<\/p>\n","protected":false},"excerpt":{"rendered":"<p>Ap\u00f3s ocupar, por quatro meses, a supl\u00eancia na C\u00e2mara de Vereadores de Jaciara, Pedro Nepomuceno Alves Filho, conhecido como Pedrinho da Agricultura, finalmente garantiu uma cadeira permanente no legislativo, com [&hellip;]<\/p>\n","protected":false},"author":2,"featured_media":2461,"comment_status":"open","ping_status":"open","sticky":false,"template":"","format":"standard","meta":{"footnotes":""},"categories":[117,8],"tags":[],"_links":{"self":[{"href":"https:\/\/ptmt.com.br\/index.php?rest_route=\/wp\/v2\/posts\/2460"}],"collection":[{"href":"https:\/\/ptmt.com.br\/index.php?rest_route=\/wp\/v2\/posts"}],"about":[{"href":"https:\/\/ptmt.com.br\/index.php?rest_route=\/wp\/v2\/types\/post"}],"author":[{"embeddable":true,"href":"https:\/\/ptmt.com.br\/index.php?rest_route=\/wp\/v2\/users\/2"}],"replies":[{"embeddable":true,"href":"https:\/\/ptmt.com.br\/index.php?rest_route=%2Fwp%2Fv2%2Fcomments&post=2460"}],"version-history":[{"count":1,"href":"https:\/\/ptmt.com.br\/index.php?rest_route=\/wp\/v2\/posts\/2460\/revisions"}],"predecessor-version":[{"id":2462,"href":"https:\/\/ptmt.com.br\/index.php?rest_route=\/wp\/v2\/posts\/2460\/revisions\/2462"}],"wp:featuredmedia":[{"embeddable":true,"href":"https:\/\/ptmt.com.br\/index.php?rest_route=\/wp\/v2\/media\/2461"}],"wp:attachment":[{"href":"https:\/\/ptmt.com.br\/index.php?rest_route=%2Fwp%2Fv2%2Fmedia&parent=2460"}],"wp:term":[{"taxonomy":"category","embeddable":true,"href":"https:\/\/ptmt.com.br\/index.php?rest_route=%2Fwp%2Fv2%2Fcategories&post=2460"},{"taxonomy":"post_tag","embeddable":true,"href":"https:\/\/ptmt.com.br\/index.php?rest_route=%2Fwp%2Fv2%2Ftags&post=2460"}],"curies":[{"name":"wp","href":"https:\/\/api.w.org\/{rel}","templated":true}]}}