{"id":2469,"date":"2024-11-07T12:51:44","date_gmt":"2024-11-07T16:51:44","guid":{"rendered":"https:\/\/ptmt.com.br\/?p=2469"},"modified":"2024-11-11T22:04:48","modified_gmt":"2024-11-12T02:04:48","slug":"mda-e-rede-emissora-de-caf-promovem-encontro-para-fortalecer-agricultura-familiar-em-mato-grosso","status":"publish","type":"post","link":"https:\/\/ptmt.com.br\/?p=2469","title":{"rendered":"MDA e rede emissora de CAF promovem encontro para fortalecer agricultura familiar em Mato Grosso"},"content":{"rendered":"<div class=\"flex max-w-full flex-col flex-grow\">\n<div class=\"min-h-8 text-message flex w-full flex-col items-end gap-2 whitespace-normal break-words [.text-message+&amp;]:mt-5\" dir=\"auto\" data-message-author-role=\"assistant\" data-message-id=\"f134375d-78d2-4b1d-b03f-cf5d35846ef5\" data-message-model-slug=\"gpt-4o\">\n<div class=\"flex w-full flex-col gap-1 empty:hidden first:pt-[3px]\">\n<div class=\"markdown prose w-full break-words dark:prose-invert light\">\n<p>A Superintend\u00eancia do Minist\u00e9rio de Desenvolvimento Agr\u00e1rio (MDA), em parceria com o Departamento de Cadastro Nacional da Agricultura Familiar, realizou, na \u00faltima semana, a primeira reuni\u00e3o t\u00e9cnica de nivelamento do Cadastro Nacional da Agricultura Familiar (CAF) em Mato Grosso. O evento reuniu cerca de 70 participantes, entre extensionistas da Ag\u00eancia P\u00fablica de ATER, representantes de Sindicatos de Trabalhadores e Trabalhadoras Rurais ligados \u00e0 FETAGRI\/MT, membros de Prefeituras Municipais, do INCRA e de diversas institui\u00e7\u00f5es voltadas \u00e0 agricultura familiar no estado.<\/p>\n<p>A a\u00e7\u00e3o faz parte de uma s\u00e9rie de medidas que o MDA\/MT tem adotado para qualificar e ampliar a emiss\u00e3o do CAF, um documento essencial para que agricultores familiares acessem pol\u00edticas p\u00fablicas voltadas ao setor. Al\u00e9m de oferecer linhas de cr\u00e9dito como o PRONAF, o cadastro abre portas para iniciativas como o Programa de Aquisi\u00e7\u00e3o de Alimentos (PAA), Programa Nacional de Alimenta\u00e7\u00e3o Escolar (PNAE), ATER, Quintais Produtivos e o Selo de Agricultura Familiar, entre outros.<\/p>\n<p>Antes da reuni\u00e3o t\u00e9cnica, a superintend\u00eancia realizou um encontro com gestores das entidades parceiras, marcando o in\u00edcio das discuss\u00f5es para a cria\u00e7\u00e3o do Comit\u00ea Gestor do CAF em Mato Grosso. Esse comit\u00ea ter\u00e1 a participa\u00e7\u00e3o de todos os envolvidos no processo e do Conselho Estadual de Desenvolvimento Rural Sustent\u00e1vel (CEDRS), visando uma gest\u00e3o integrada e eficiente do cadastro.<\/p>\n<p>\u201cAgradecemos a cada um dos participantes pela disponibilidade e qualidade do di\u00e1logo ocorrido. \u00c9 a realiza\u00e7\u00e3o de eventos como esse que nos faz acreditar cada vez mais na valoriza\u00e7\u00e3o da agricultura familiar como instrumento de gera\u00e7\u00e3o de renda em nosso estado\u201d, destacou Nelson Borges, superintendente do MDA em Mato Grosso.<\/p>\n<p>Esse encontro refor\u00e7a o compromisso do MDA em impulsionar a agricultura familiar, fortalecendo pol\u00edticas p\u00fablicas que contribuem para o desenvolvimento sustent\u00e1vel e a autonomia dos pequenos produtores.<\/p>\n<\/div>\n<\/div>\n<\/div>\n<\/div>\n<div class=\"mb-2 flex gap-3 empty:hidden -ml-2\">\n<div class=\"items-center justify-start rounded-xl p-1 flex\">\n<div class=\"flex items-center\"><\/div>\n<\/div>\n<\/div>\n","protected":false},"excerpt":{"rendered":"<p>A Superintend\u00eancia do Minist\u00e9rio de Desenvolvimento Agr\u00e1rio (MDA), em parceria com o Departamento de Cadastro Nacional da Agricultura Familiar, realizou, na \u00faltima semana, a primeira reuni\u00e3o t\u00e9cnica de nivelamento do [&hellip;]<\/p>\n","protected":false},"author":2,"featured_media":2470,"comment_status":"open","ping_status":"open","sticky":false,"template":"","format":"standard","meta":{"footnotes":""},"categories":[117,8],"tags":[],"_links":{"self":[{"href":"https:\/\/ptmt.com.br\/index.php?rest_route=\/wp\/v2\/posts\/2469"}],"collection":[{"href":"https:\/\/ptmt.com.br\/index.php?rest_route=\/wp\/v2\/posts"}],"about":[{"href":"https:\/\/ptmt.com.br\/index.php?rest_route=\/wp\/v2\/types\/post"}],"author":[{"embeddable":true,"href":"https:\/\/ptmt.com.br\/index.php?rest_route=\/wp\/v2\/users\/2"}],"replies":[{"embeddable":true,"href":"https:\/\/ptmt.com.br\/index.php?rest_route=%2Fwp%2Fv2%2Fcomments&post=2469"}],"version-history":[{"count":4,"href":"https:\/\/ptmt.com.br\/index.php?rest_route=\/wp\/v2\/posts\/2469\/revisions"}],"predecessor-version":[{"id":2488,"href":"https:\/\/ptmt.com.br\/index.php?rest_route=\/wp\/v2\/posts\/2469\/revisions\/2488"}],"wp:featuredmedia":[{"embeddable":true,"href":"https:\/\/ptmt.com.br\/index.php?rest_route=\/wp\/v2\/media\/2470"}],"wp:attachment":[{"href":"https:\/\/ptmt.com.br\/index.php?rest_route=%2Fwp%2Fv2%2Fmedia&parent=2469"}],"wp:term":[{"taxonomy":"category","embeddable":true,"href":"https:\/\/ptmt.com.br\/index.php?rest_route=%2Fwp%2Fv2%2Fcategories&post=2469"},{"taxonomy":"post_tag","embeddable":true,"href":"https:\/\/ptmt.com.br\/index.php?rest_route=%2Fwp%2Fv2%2Ftags&post=2469"}],"curies":[{"name":"wp","href":"https:\/\/api.w.org\/{rel}","templated":true}]}}