{"id":2476,"date":"2024-11-10T20:27:51","date_gmt":"2024-11-11T00:27:51","guid":{"rendered":"https:\/\/ptmt.com.br\/?p=2476"},"modified":"2024-11-11T22:04:25","modified_gmt":"2024-11-12T02:04:25","slug":"egidio-retorna-a-camara-de-santa-carmem-com-foco-em-agricultura-familiar-e-defesa-dos-servidores","status":"publish","type":"post","link":"https:\/\/ptmt.com.br\/?p=2476","title":{"rendered":"Eg\u00eddio retorna \u00e0 C\u00e2mara de Santa Carmem com foco em agricultura familiar e defesa dos servidores"},"content":{"rendered":"<p>As elei\u00e7\u00f5es de 2024 trouxeram um recome\u00e7o para o vereador Diorgene Souza Ara\u00fajo, mais conhecido pela popula\u00e7\u00e3o de Santa Carmem como Eg\u00eddio, que conquistou uma cadeira na C\u00e2mara Municipal com 143 votos.<\/p>\n<p>Eg\u00eddio iniciou sua trajet\u00f3ria parlamentar em 2013 pelo Partido dos Trabalhadores. Ap\u00f3s mudar de sigla em seu segundo mandato e concorrer, sem \u00eaxito, \u00e0 Prefeitura de Santa Carmem em 2020, ele retornou ao PT e \u00e0 C\u00e2mara Municipal em 2024.<\/p>\n<p>Aos 47 anos, casado, pai de quatro filhos e av\u00f4, Eg\u00eddio se declara cat\u00f3lico e reafirma seu compromisso com as causas que marcaram suas gest\u00f5es anteriores. Neste mandato, seu foco ser\u00e1 a habita\u00e7\u00e3o, a agricultura familiar e, sobretudo, a defesa dos servidores p\u00fablicos municipais.<\/p>\n","protected":false},"excerpt":{"rendered":"<p>As elei\u00e7\u00f5es de 2024 trouxeram um recome\u00e7o para o vereador Diorgene Souza Ara\u00fajo, mais conhecido pela popula\u00e7\u00e3o de Santa Carmem como Eg\u00eddio, que conquistou uma cadeira na C\u00e2mara Municipal com [&hellip;]<\/p>\n","protected":false},"author":2,"featured_media":2477,"comment_status":"open","ping_status":"open","sticky":false,"template":"","format":"standard","meta":{"footnotes":""},"categories":[117,8],"tags":[],"_links":{"self":[{"href":"https:\/\/ptmt.com.br\/index.php?rest_route=\/wp\/v2\/posts\/2476"}],"collection":[{"href":"https:\/\/ptmt.com.br\/index.php?rest_route=\/wp\/v2\/posts"}],"about":[{"href":"https:\/\/ptmt.com.br\/index.php?rest_route=\/wp\/v2\/types\/post"}],"author":[{"embeddable":true,"href":"https:\/\/ptmt.com.br\/index.php?rest_route=\/wp\/v2\/users\/2"}],"replies":[{"embeddable":true,"href":"https:\/\/ptmt.com.br\/index.php?rest_route=%2Fwp%2Fv2%2Fcomments&post=2476"}],"version-history":[{"count":1,"href":"https:\/\/ptmt.com.br\/index.php?rest_route=\/wp\/v2\/posts\/2476\/revisions"}],"predecessor-version":[{"id":2478,"href":"https:\/\/ptmt.com.br\/index.php?rest_route=\/wp\/v2\/posts\/2476\/revisions\/2478"}],"wp:featuredmedia":[{"embeddable":true,"href":"https:\/\/ptmt.com.br\/index.php?rest_route=\/wp\/v2\/media\/2477"}],"wp:attachment":[{"href":"https:\/\/ptmt.com.br\/index.php?rest_route=%2Fwp%2Fv2%2Fmedia&parent=2476"}],"wp:term":[{"taxonomy":"category","embeddable":true,"href":"https:\/\/ptmt.com.br\/index.php?rest_route=%2Fwp%2Fv2%2Fcategories&post=2476"},{"taxonomy":"post_tag","embeddable":true,"href":"https:\/\/ptmt.com.br\/index.php?rest_route=%2Fwp%2Fv2%2Ftags&post=2476"}],"curies":[{"name":"wp","href":"https:\/\/api.w.org\/{rel}","templated":true}]}}