{"id":2480,"date":"2024-11-10T21:00:48","date_gmt":"2024-11-11T01:00:48","guid":{"rendered":"https:\/\/ptmt.com.br\/?p=2480"},"modified":"2024-11-11T21:33:36","modified_gmt":"2024-11-12T01:33:36","slug":"2480","status":"publish","type":"post","link":"https:\/\/ptmt.com.br\/?p=2480","title":{"rendered":"Semin\u00e1rio Sa\u00fade Ind\u00edgena refor\u00e7a compromisso com a inclus\u00e3o e bem-viver no SUS"},"content":{"rendered":"<p>Realizada na \u00faltima semana,\u00a0 a 3\u00aa edi\u00e7\u00e3o do Semin\u00e1rio Sa\u00fade Ind\u00edgena \u2013 &#8220;Um SasiSUS para o Bem-viver&#8221; destacou a import\u00e2ncia de fortalecer a inclus\u00e3o e a promo\u00e7\u00e3o da sa\u00fade ind\u00edgena no Sistema \u00danico de Sa\u00fade (SUS). O evento\u00a0 reuniu lideran\u00e7as ind\u00edgenas, profissionais de sa\u00fade e organiza\u00e7\u00f5es parceiras, com a participa\u00e7\u00e3o de representantes dos seis Distritos Sanit\u00e1rios Especiais Ind\u00edgenas (DSEI ) do Centro-Oeste, \u00a0e do superintendente do Minist\u00e9rio da Sa\u00fade em Mato Grosso, Altir Peruzzo.<\/p>\n<p>O evento trouxe \u00e0 tona quest\u00f5es cruciais para a promo\u00e7\u00e3o e prote\u00e7\u00e3o\u00a0 das comunidades ind\u00edgenas, e foi marcado por debates sobre os desafios e avan\u00e7os no cuidado \u00e0 sa\u00fade dos povos origin\u00e1rios no Brasil.<\/p>\n<p>A cerim\u00f4nia de abertura foi marcada por discursos emocionantes e reflexivos. Lucinha Trememb\u00e9, Secret\u00e1ria Adjunta da Secretaria Especial de Sa\u00fade Ind\u00edgena (Sesai), expressou destacou\u00a0 a import\u00e2ncia de ouvir e fortalecer as vozes ind\u00edgenas na gest\u00e3o da sa\u00fade. \u201cA sa\u00fade ind\u00edgena, como pontuado no evento, precisa ser um reflexo de um sistema de sa\u00fade que luta pela justi\u00e7a social e pela igualdade no acesso a cuidados de qualidade\u201d, pontuou Trememb\u00e9<\/p>\n<p>Cei\u00e7a Pitaguary, Secret\u00e1ria de Gest\u00e3o Ambiental e Territ\u00f3rios Ind\u00edgenas, tamb\u00e9m participou da cerim\u00f4nia, enfatizando o papel vital das lideran\u00e7as ind\u00edgenas na constru\u00e7\u00e3o de pol\u00edticas p\u00fablicas que atendam \u00e0s necessidades dessas popula\u00e7\u00f5es. \u201cEste semin\u00e1rio, mais do que um espa\u00e7o de discuss\u00e3o, se consolidou como um momento de escuta ativa, troca de experi\u00eancias e reafirma\u00e7\u00e3o do compromisso com a sa\u00fade e os direitos ind\u00edgenas\u201d, disse Pitaguary<\/p>\n<p>Os participantes enfatizaram a necessidade de um SUS que seja, de fato, inclusivo \u2013 que acolha, respeite e cuide das especificidades de cada povo, em todas as regi\u00f5es do Brasil.<\/p>\n<p>\u201cAo longo do semin\u00e1rio, ficou claro que um SUS voltado para o bem-viver \u00e9 um SUS que reconhece e valoriza as diversas culturas e formas de vida no pa\u00eds, promovendo a sa\u00fade de maneira equitativa e integradora. A luta pela sa\u00fade ind\u00edgena, como reafirmado pelos participantes, \u00e9 uma luta pela sa\u00fade de todos \u2013 um compromisso que deve ser cont\u00ednuo e firme\u201d, finalizou Altir Peruzzo.<\/p>\n","protected":false},"excerpt":{"rendered":"<p>Realizada na \u00faltima semana,\u00a0 a 3\u00aa edi\u00e7\u00e3o do Semin\u00e1rio Sa\u00fade Ind\u00edgena \u2013 &#8220;Um SasiSUS para o Bem-viver&#8221; destacou a import\u00e2ncia de fortalecer a inclus\u00e3o e a promo\u00e7\u00e3o da sa\u00fade ind\u00edgena [&hellip;]<\/p>\n","protected":false},"author":2,"featured_media":2482,"comment_status":"open","ping_status":"open","sticky":false,"template":"","format":"standard","meta":{"footnotes":""},"categories":[117,8],"tags":[],"_links":{"self":[{"href":"https:\/\/ptmt.com.br\/index.php?rest_route=\/wp\/v2\/posts\/2480"}],"collection":[{"href":"https:\/\/ptmt.com.br\/index.php?rest_route=\/wp\/v2\/posts"}],"about":[{"href":"https:\/\/ptmt.com.br\/index.php?rest_route=\/wp\/v2\/types\/post"}],"author":[{"embeddable":true,"href":"https:\/\/ptmt.com.br\/index.php?rest_route=\/wp\/v2\/users\/2"}],"replies":[{"embeddable":true,"href":"https:\/\/ptmt.com.br\/index.php?rest_route=%2Fwp%2Fv2%2Fcomments&post=2480"}],"version-history":[{"count":4,"href":"https:\/\/ptmt.com.br\/index.php?rest_route=\/wp\/v2\/posts\/2480\/revisions"}],"predecessor-version":[{"id":2490,"href":"https:\/\/ptmt.com.br\/index.php?rest_route=\/wp\/v2\/posts\/2480\/revisions\/2490"}],"wp:featuredmedia":[{"embeddable":true,"href":"https:\/\/ptmt.com.br\/index.php?rest_route=\/wp\/v2\/media\/2482"}],"wp:attachment":[{"href":"https:\/\/ptmt.com.br\/index.php?rest_route=%2Fwp%2Fv2%2Fmedia&parent=2480"}],"wp:term":[{"taxonomy":"category","embeddable":true,"href":"https:\/\/ptmt.com.br\/index.php?rest_route=%2Fwp%2Fv2%2Fcategories&post=2480"},{"taxonomy":"post_tag","embeddable":true,"href":"https:\/\/ptmt.com.br\/index.php?rest_route=%2Fwp%2Fv2%2Ftags&post=2480"}],"curies":[{"name":"wp","href":"https:\/\/api.w.org\/{rel}","templated":true}]}}