{"id":2485,"date":"2024-11-10T22:13:27","date_gmt":"2024-11-11T02:13:27","guid":{"rendered":"https:\/\/ptmt.com.br\/?p=2485"},"modified":"2024-11-11T22:02:03","modified_gmt":"2024-11-12T02:02:03","slug":"silvio-do-vadico-assume-desafios-no-legislativo-de-alto-paraguai-com-foco-em-geracao-de-emprego-e-defesa-das-causas-sociais","status":"publish","type":"post","link":"https:\/\/ptmt.com.br\/?p=2485","title":{"rendered":"Silvio do Vadico assume desafios no Legislativo de Alto Paraguai com foco em gera\u00e7\u00e3o de emprego e defesa das causas sociais"},"content":{"rendered":"<p>Com uma popula\u00e7\u00e3o de aproximadamente 8 mil habitantes e um PIB local fortemente dependente da administra\u00e7\u00e3o p\u00fablica, o munic\u00edpio de Alto Paraguai enfrenta o grande desafio de diversificar sua economia e gerar mais emprego e renda. Eleito o terceiro vereador mais votado da cidade, Silvio Rog\u00e9rio de Oliveira, conhecido como Silvio do Vadico, promete lutar por solu\u00e7\u00f5es que estimulem o crescimento econ\u00f4mico, sem abrir m\u00e3o das bandeiras sociais que o Partido dos Trabalhadores (PT) defende.<\/p>\n<p>O novo parlamentar foi o terceiro mais votado nas \u00faltimas elei\u00e7\u00f5es, com 319 votos, o que corresponde a 6,58% dos votos v\u00e1lidos no munic\u00edpio. Aos 45 anos, Silvio do Vadico carrega consigo uma bagagem de experi\u00eancia como Auditor Fiscal no munic\u00edpio vizinho de Nova Ol\u00edmpia, o que, segundo ele, ser\u00e1 um diferencial importante em sua atua\u00e7\u00e3o legislativa.<\/p>\n<p>Silvio do Vadico se comprometeu a buscar solu\u00e7\u00f5es para as demandas da popula\u00e7\u00e3o, especialmente nas \u00e1reas de emprego e desenvolvimento econ\u00f4mico, que s\u00e3o vistas como priorit\u00e1rias em sua agenda pol\u00edtica. Ao lado de sua correligion\u00e1ria Vanilda Fernandes, que tamb\u00e9m integra o Partido dos Trabalhadores (PT), Vadico dever\u00e1 defender as bandeiras hist\u00f3ricas da legenda, como a promo\u00e7\u00e3o de direitos sociais e a inclus\u00e3o das comunidades mais vulner\u00e1veis.<\/p>\n<p>Em sua primeira entrevista ap\u00f3s a elei\u00e7\u00e3o, Vadico se posicionou como um &#8220;funcion\u00e1rio do povo&#8221;, enfatizando que sua atua\u00e7\u00e3o ser\u00e1 pautada pelas necessidades da popula\u00e7\u00e3o e pela busca constante por melhorias na qualidade de vida dos cidad\u00e3os de Alto Paraguai. O novo vereador j\u00e1 adianta que ir\u00e1 trabalhar para estreitar o di\u00e1logo com a administra\u00e7\u00e3o municipal e com a sociedade civil, a fim de identificar as melhores alternativas para a cria\u00e7\u00e3o de um ambiente mais favor\u00e1vel ao empreendedorismo local.<\/p>\n<p>&nbsp;<\/p>\n","protected":false},"excerpt":{"rendered":"<p>Com uma popula\u00e7\u00e3o de aproximadamente 8 mil habitantes e um PIB local fortemente dependente da administra\u00e7\u00e3o p\u00fablica, o munic\u00edpio de Alto Paraguai enfrenta o grande desafio de diversificar sua economia [&hellip;]<\/p>\n","protected":false},"author":2,"featured_media":2486,"comment_status":"open","ping_status":"open","sticky":false,"template":"","format":"standard","meta":{"footnotes":""},"categories":[9,8],"tags":[],"_links":{"self":[{"href":"https:\/\/ptmt.com.br\/index.php?rest_route=\/wp\/v2\/posts\/2485"}],"collection":[{"href":"https:\/\/ptmt.com.br\/index.php?rest_route=\/wp\/v2\/posts"}],"about":[{"href":"https:\/\/ptmt.com.br\/index.php?rest_route=\/wp\/v2\/types\/post"}],"author":[{"embeddable":true,"href":"https:\/\/ptmt.com.br\/index.php?rest_route=\/wp\/v2\/users\/2"}],"replies":[{"embeddable":true,"href":"https:\/\/ptmt.com.br\/index.php?rest_route=%2Fwp%2Fv2%2Fcomments&post=2485"}],"version-history":[{"count":1,"href":"https:\/\/ptmt.com.br\/index.php?rest_route=\/wp\/v2\/posts\/2485\/revisions"}],"predecessor-version":[{"id":2487,"href":"https:\/\/ptmt.com.br\/index.php?rest_route=\/wp\/v2\/posts\/2485\/revisions\/2487"}],"wp:featuredmedia":[{"embeddable":true,"href":"https:\/\/ptmt.com.br\/index.php?rest_route=\/wp\/v2\/media\/2486"}],"wp:attachment":[{"href":"https:\/\/ptmt.com.br\/index.php?rest_route=%2Fwp%2Fv2%2Fmedia&parent=2485"}],"wp:term":[{"taxonomy":"category","embeddable":true,"href":"https:\/\/ptmt.com.br\/index.php?rest_route=%2Fwp%2Fv2%2Fcategories&post=2485"},{"taxonomy":"post_tag","embeddable":true,"href":"https:\/\/ptmt.com.br\/index.php?rest_route=%2Fwp%2Fv2%2Ftags&post=2485"}],"curies":[{"name":"wp","href":"https:\/\/api.w.org\/{rel}","templated":true}]}}