{"id":2491,"date":"2024-11-11T21:32:44","date_gmt":"2024-11-12T01:32:44","guid":{"rendered":"https:\/\/ptmt.com.br\/?p=2491"},"modified":"2024-11-11T21:32:44","modified_gmt":"2024-11-12T01:32:44","slug":"expedicao-jovem-a-china-fortalece-relacoes-entre-pt-e-partido-comunista-chines","status":"publish","type":"post","link":"https:\/\/ptmt.com.br\/?p=2491","title":{"rendered":"Expedi\u00e7\u00e3o jovem \u00e0 China fortalece rela\u00e7\u00f5es entre PT e Partido Comunista Chin\u00eas"},"content":{"rendered":"<p>Fernando Santos de Souza, membro da Executiva Nacional da Juventude do Partido dos Trabalhadores (JPT) e Vogal na Comiss\u00e3o Executiva Estadual, representou Mato Grosso na Expedi\u00e7\u00e3o de Quadros Jovens \u00e0 China, promovendo o estreitamento dos la\u00e7os entre a juventude brasileira e chinesa. O encontro, que aconteceu no m\u00eas de outurbo, abordou temas como socialismo com caracter\u00edsticas chinesas, desenvolvimento sustent\u00e1vel e a import\u00e2ncia do multilateralismo.<\/p>\n<p>Durante a expedi\u00e7\u00e3o, que incluiu semin\u00e1rios e atividades t\u00e9cnicas em cidades como Pequim, Jining e Yangzhou, Fernando Santos destacou o contato com a Universidade de Estudos Pol\u00edticos da Juventude da China como um dos momentos mais significativos. &#8220;Foi um espa\u00e7o de aprendizado essencial para compreendermos o socialismo com caracter\u00edsticas chinesas e os avan\u00e7os do pa\u00eds na sua moderniza\u00e7\u00e3o&#8221;, afirmou o l\u00edder jovem do PT.<\/p>\n<p>Al\u00e9m disso, o grupo brasileiro teve a oportunidade de se reunir com representantes da Federa\u00e7\u00e3o da Juventude de Toda a China, discutindo temas centrais como igualdade, justi\u00e7a social e os desafios da juventude no cen\u00e1rio global. Para Fernando, esses princ\u00edpios s\u00e3o fundamentais tanto para o Brasil quanto para a China, e a expedi\u00e7\u00e3o foi uma oportunidade de fortalecer o compromisso com a constru\u00e7\u00e3o de uma rede de colabora\u00e7\u00e3o s\u00f3lida entre a JPT e a juventude chinesa.<\/p>\n<p>&#8220;A viagem fortaleceu nosso compromisso em trabalhar juntos em quest\u00f5es estrat\u00e9gicas como o desenvolvimento sustent\u00e1vel, a cultura e a forma\u00e7\u00e3o de novas lideran\u00e7as. Em um cen\u00e1rio global repleto de incertezas, unimos nossas for\u00e7as com a juventude chinesa para defender o multilateralismo, a paz e a constru\u00e7\u00e3o de um futuro mais justo e equilibrado para todos&#8221;, destacou Fernando.<\/p>\n<p>Outro tema crucial abordado na expedi\u00e7\u00e3o foi o desenvolvimento sustent\u00e1vel e as quest\u00f5es ambientais. Durante as visitas ao centro de revitaliza\u00e7\u00e3o rural na vila de Sishui e ao Parque Sanwan, os representantes da JPT puderam conhecer de perto os esfor\u00e7os da China para equilibrar o crescimento econ\u00f4mico com a preserva\u00e7\u00e3o ambiental. O secret\u00e1rio de Juventude de Yangzhou, que acompanhou as visitas, ressaltou a import\u00e2ncia de buscar um modelo de desenvolvimento que seja ao mesmo tempo pr\u00f3spero e sustent\u00e1vel, promovendo a harmonia entre o crescimento econ\u00f4mico e a responsabilidade ambiental.<\/p>\n<p>Fernando Santos encerrou sua an\u00e1lise destacando a import\u00e2ncia do interc\u00e2mbio entre as juventudes dos dois pa\u00edses. &#8220;Para todos n\u00f3s da JPT, essa parceria com a juventude chinesa \u00e9 apenas o come\u00e7o de um caminho de colabora\u00e7\u00e3o duradoura. Esperamos que ela n\u00e3o apenas impacte as pol\u00edticas internas de ambos os pa\u00edses, mas tamb\u00e9m inspire outras na\u00e7\u00f5es a buscar um desenvolvimento mais justo e equilibrado, com base nos princ\u00edpios da justi\u00e7a social&#8221;, concluiu.<\/p>\n<p>A expedi\u00e7\u00e3o \u00e0 China foi mais do que uma simples viagem: representou um marco na constru\u00e7\u00e3o de la\u00e7os mais estreitos entre as juventudes do Brasil e da China, com um olhar voltado para o futuro, onde os jovens t\u00eam o poder de moldar um mundo mais justo e equilibrado.<\/p>\n<p>&nbsp;<\/p>\n","protected":false},"excerpt":{"rendered":"<p>Fernando Santos de Souza, membro da Executiva Nacional da Juventude do Partido dos Trabalhadores (JPT) e Vogal na Comiss\u00e3o Executiva Estadual, representou Mato Grosso na Expedi\u00e7\u00e3o de Quadros Jovens \u00e0 [&hellip;]<\/p>\n","protected":false},"author":2,"featured_media":2492,"comment_status":"open","ping_status":"open","sticky":false,"template":"","format":"standard","meta":{"footnotes":""},"categories":[9,8],"tags":[],"_links":{"self":[{"href":"https:\/\/ptmt.com.br\/index.php?rest_route=\/wp\/v2\/posts\/2491"}],"collection":[{"href":"https:\/\/ptmt.com.br\/index.php?rest_route=\/wp\/v2\/posts"}],"about":[{"href":"https:\/\/ptmt.com.br\/index.php?rest_route=\/wp\/v2\/types\/post"}],"author":[{"embeddable":true,"href":"https:\/\/ptmt.com.br\/index.php?rest_route=\/wp\/v2\/users\/2"}],"replies":[{"embeddable":true,"href":"https:\/\/ptmt.com.br\/index.php?rest_route=%2Fwp%2Fv2%2Fcomments&post=2491"}],"version-history":[{"count":1,"href":"https:\/\/ptmt.com.br\/index.php?rest_route=\/wp\/v2\/posts\/2491\/revisions"}],"predecessor-version":[{"id":2495,"href":"https:\/\/ptmt.com.br\/index.php?rest_route=\/wp\/v2\/posts\/2491\/revisions\/2495"}],"wp:featuredmedia":[{"embeddable":true,"href":"https:\/\/ptmt.com.br\/index.php?rest_route=\/wp\/v2\/media\/2492"}],"wp:attachment":[{"href":"https:\/\/ptmt.com.br\/index.php?rest_route=%2Fwp%2Fv2%2Fmedia&parent=2491"}],"wp:term":[{"taxonomy":"category","embeddable":true,"href":"https:\/\/ptmt.com.br\/index.php?rest_route=%2Fwp%2Fv2%2Fcategories&post=2491"},{"taxonomy":"post_tag","embeddable":true,"href":"https:\/\/ptmt.com.br\/index.php?rest_route=%2Fwp%2Fv2%2Ftags&post=2491"}],"curies":[{"name":"wp","href":"https:\/\/api.w.org\/{rel}","templated":true}]}}