{"id":2497,"date":"2024-11-12T16:15:20","date_gmt":"2024-11-12T20:15:20","guid":{"rendered":"https:\/\/ptmt.com.br\/?p=2497"},"modified":"2024-11-26T16:19:17","modified_gmt":"2024-11-26T20:19:17","slug":"edinilson-assuncao-apicultor-e-defensor-da-agricultura-familiar-chega-a-camara-de-planalto-da-serra","status":"publish","type":"post","link":"https:\/\/ptmt.com.br\/?p=2497","title":{"rendered":"Edinilson Assun\u00e7\u00e3o: apicultor e defensor da agricultura familiar chega \u00e0 C\u00e2mara de Planalto da Serra"},"content":{"rendered":"<p>A popula\u00e7\u00e3o de Planalto da Serra elegeu, no dia 06 de outubro, o apicultor e defensor da agricultura familiar Edinilson Assun\u00e7\u00e3o como vereador para o mandato 2025-2028. Com 44 anos e uma trajet\u00f3ria que mistura o trabalho no campo e a experi\u00eancia no setor privado, Assun\u00e7\u00e3o obteve 87 votos, consolidando sua elei\u00e7\u00e3o pelo Partido dos Trabalhadores (PT).<\/p>\n<p>Casado, pai de tr\u00eas filhos e av\u00f4, Edinilson tem parte de sua hist\u00f3ria de vida ligada \u00e0 agricultura familiar, sua principal bandeira de luta. Ele trabalha como apicultor, possui uma pequena cria\u00e7\u00e3o de gado de corte e tamb\u00e9m atua no transporte escolar do munic\u00edpio, o que o levou a abra\u00e7ar a educa\u00e7\u00e3o. &#8220;Tenho\u00a0 grande\u00a0 proximidade com alunos e professores da rede municipal de ensino e conhe\u00e7o suas lutas&#8221;, disse.<\/p>\n<p>Embora nunca tenha ocupado um cargo p\u00fablico antes, Edinilson acumula experi\u00eancias diversas que, segundo ele, o prepararam para o desafio no Legislativo. Bacharel em Administra\u00e7\u00e3o de Empresas, ele j\u00e1 atuou no setor privado, onde desempenhou fun\u00e7\u00f5es como l\u00edder de produ\u00e7\u00e3o, almoxarife e plataformista de petr\u00f3leo offshore. Ele afirma que\u00a0 viv\u00eancias foram fundamentais para sua forma\u00e7\u00e3o profissional e o capacitaram a compreender as demandas de diferentes setores da sociedade.<\/p>\n<p>Em 2025 Edinilson Assun\u00e7\u00e3o chegar\u00e1 \u00e0 C\u00e2mara de Planalto da Serra com a proposta de ser uma voz ativa para os agricultores familiares, promovendo o desenvolvimento sustent\u00e1vel e a melhoria das condi\u00e7\u00f5es de vida no munic\u00edpio, ao mesmo tempo em que busca fortalecer a educa\u00e7\u00e3o local.<\/p>\n","protected":false},"excerpt":{"rendered":"<p>A popula\u00e7\u00e3o de Planalto da Serra elegeu, no dia 06 de outubro, o apicultor e defensor da agricultura familiar Edinilson Assun\u00e7\u00e3o como vereador para o mandato 2025-2028. Com 44 anos [&hellip;]<\/p>\n","protected":false},"author":2,"featured_media":2498,"comment_status":"open","ping_status":"open","sticky":false,"template":"","format":"standard","meta":{"footnotes":""},"categories":[117,8],"tags":[],"_links":{"self":[{"href":"https:\/\/ptmt.com.br\/index.php?rest_route=\/wp\/v2\/posts\/2497"}],"collection":[{"href":"https:\/\/ptmt.com.br\/index.php?rest_route=\/wp\/v2\/posts"}],"about":[{"href":"https:\/\/ptmt.com.br\/index.php?rest_route=\/wp\/v2\/types\/post"}],"author":[{"embeddable":true,"href":"https:\/\/ptmt.com.br\/index.php?rest_route=\/wp\/v2\/users\/2"}],"replies":[{"embeddable":true,"href":"https:\/\/ptmt.com.br\/index.php?rest_route=%2Fwp%2Fv2%2Fcomments&post=2497"}],"version-history":[{"count":1,"href":"https:\/\/ptmt.com.br\/index.php?rest_route=\/wp\/v2\/posts\/2497\/revisions"}],"predecessor-version":[{"id":2499,"href":"https:\/\/ptmt.com.br\/index.php?rest_route=\/wp\/v2\/posts\/2497\/revisions\/2499"}],"wp:featuredmedia":[{"embeddable":true,"href":"https:\/\/ptmt.com.br\/index.php?rest_route=\/wp\/v2\/media\/2498"}],"wp:attachment":[{"href":"https:\/\/ptmt.com.br\/index.php?rest_route=%2Fwp%2Fv2%2Fmedia&parent=2497"}],"wp:term":[{"taxonomy":"category","embeddable":true,"href":"https:\/\/ptmt.com.br\/index.php?rest_route=%2Fwp%2Fv2%2Fcategories&post=2497"},{"taxonomy":"post_tag","embeddable":true,"href":"https:\/\/ptmt.com.br\/index.php?rest_route=%2Fwp%2Fv2%2Ftags&post=2497"}],"curies":[{"name":"wp","href":"https:\/\/api.w.org\/{rel}","templated":true}]}}