{"id":3880,"date":"2025-09-15T14:48:24","date_gmt":"2025-09-15T18:48:24","guid":{"rendered":"https:\/\/ptmt.com.br\/?p=3880"},"modified":"2025-09-18T11:07:32","modified_gmt":"2025-09-18T15:07:32","slug":"professora-rosa-neide-presidencia-do-pt-mt-e-afastamento-temporario","status":"publish","type":"post","link":"https:\/\/ptmt.com.br\/?p=3880","title":{"rendered":"Professora Rosa Neide: presid\u00eancia do PT-MT e afastamento tempor\u00e1rio"},"content":{"rendered":"<p>A diretora-executiva da Companhia Nacional de Abastecimento (Conab) e ex-deputada federal, Professora Rosa Neide, tomou posse como presidenta do Diret\u00f3rio Estadual do Partido dos Trabalhadores de Mato Grosso (PT-MT) neste domingo (14). O ato, realizado no Hotel Fazenda Mato Grosso, em Cuiab\u00e1, reuniu mais de 300 militantes e simpatizantes.<\/p>\n<p>Ap\u00f3s a cerim\u00f4nia, protocolou pedido de afastamento por motivos profissionais. Nesse per\u00edodo, a presid\u00eancia ser\u00e1 exercida interinamente pelo vice-presidente do PT-MT, Altir Peruzzo, ex-prefeito de Ju\u00edna e atual superintendente do Minist\u00e9rio da Sa\u00fade em Mato Grosso.<\/p>\n<p>\u201cAceitei o desafio de presidir o PT-MT com a miss\u00e3o de fortalecer o partido no estado, ampliar o di\u00e1logo com a sociedade e preparar o terreno para as elei\u00e7\u00f5es de 2026. Enquanto cumpro minha fun\u00e7\u00e3o na Conab, deixo o partido em boas m\u00e3os com o companheiro Altir\u201d, afirmou Rosa Neide em seu discurso.<\/p>\n<p>Ela sucede o deputado estadual Valdir Barranco, que esteve \u00e0 frente do diret\u00f3rio por oito anos, o mais longo mandato da hist\u00f3ria do partido no estado. Ele assumiu em 2017, foi reeleito em 2019 e teve a gest\u00e3o prorrogada at\u00e9 2025 em raz\u00e3o da pandemia de Covid-19.<\/p>\n<p>Na despedida, Barranco destacou avan\u00e7os de sua gest\u00e3o, como a reestrutura\u00e7\u00e3o financeira, o aumento no n\u00famero de filiados e a manuten\u00e7\u00e3o da representa\u00e7\u00e3o legislativa mesmo em cen\u00e1rio adverso.<\/p>\n<p>\u201cConseguimos manter o partido firme, mesmo em meio a uma forte onda antipetista. Agora, \u00e9 hora de focar no meu mandato e na minha fam\u00edlia\u201d, declarou. Ele recusou o convite de Rosa Neide para continuar como vice-presidente, mas seguir\u00e1 como integrante do diret\u00f3rio estadual.<\/p>\n<p>A deputada Edna Sampaio ressaltou a import\u00e2ncia de o maior partido de esquerda de Mato Grosso e do pa\u00eds estar sob a lideran\u00e7a de uma mulher.<br \/>\n\u201cEm um estado marcado pelo machismo, onde mulheres s\u00e3o assassinadas diariamente e aquelas que ocupam cargos pol\u00edticos enfrentam viol\u00eancia de g\u00eanero, \u00e9 fundamental que a esquerda, sob o comando de uma mulher sens\u00edvel como Rosa Neide, assuma o enfrentamento e defenda pol\u00edticas p\u00fablicas eficazes em nosso favor\u201d, disse.<\/p>\n<p>J\u00e1 o deputado estadual L\u00fadio Cabral destacou em seu discurso o papel do presidente Luiz In\u00e1cio Lula da Silva no cen\u00e1rio pol\u00edtico internacional e os avan\u00e7os institucionais do pa\u00eds no combate \u00e0s tentativas de ruptura democr\u00e1tica.<\/p>\n<p>\u201cVivemos um momento hist\u00f3rico. Pela primeira vez neste pa\u00eds, marcado por sucessivos golpes militares, vemos generais condenados e presos por tentativa de golpe de Estado, pela justi\u00e7a civil, dentro do Estado Democr\u00e1tico de Direito\u201d, afirmou o parlamentar, que alertou para os riscos do retorno do discurso golpista por meio de propostas de anistia.<\/p>\n<p>SECRET\u00c1RIO-GERAL NACIONAL DO PT<\/p>\n<p>O evento contou ainda com a participa\u00e7\u00e3o do secret\u00e1rio-geral nacional do PT, Henrique Fontana J\u00fanior, que refor\u00e7ou a necessidade de ampliar a presen\u00e7a do partido em Mato Grosso. \u201cPrecisamos eleger mais deputados estaduais, fortalecer nossa base na C\u00e2mara Federal e garantir a continuidade do projeto liderado pelo presidente Lula\u201d, defendeu.<\/p>\n<p>Tamb\u00e9m marcou presen\u00e7a o senador Carlos F\u00e1varo (PSD), que vestiu uma camiseta vermelha em homenagem ao PT e ressaltou o papel de Barranco nas elei\u00e7\u00f5es de 2018, 2020 e 2022, al\u00e9m das articula\u00e7\u00f5es para 2024. \u201cNosso desafio agora \u00e9 preparar o caminho para 2026 e garantir a reelei\u00e7\u00e3o do presidente Lula\u201d, afirmou.<\/p>\n<p>Na avalia\u00e7\u00e3o do senador, a posse de Rosa Neide e a nova composi\u00e7\u00e3o da dire\u00e7\u00e3o estadual do PT-MT inauguram uma nova fase para o partido, que busca se consolidar politicamente e ampliar sua for\u00e7a eleitoral no estado at\u00e9 as pr\u00f3ximas elei\u00e7\u00f5es.<\/p>\n","protected":false},"excerpt":{"rendered":"<p>A diretora-executiva da Companhia Nacional de Abastecimento (Conab) e ex-deputada federal, Professora Rosa Neide, tomou posse como presidenta do Diret\u00f3rio Estadual do Partido dos Trabalhadores de Mato Grosso (PT-MT) neste [&hellip;]<\/p>\n","protected":false},"author":2,"featured_media":3881,"comment_status":"open","ping_status":"open","sticky":false,"template":"","format":"standard","meta":{"footnotes":""},"categories":[117,8],"tags":[],"_links":{"self":[{"href":"https:\/\/ptmt.com.br\/index.php?rest_route=\/wp\/v2\/posts\/3880"}],"collection":[{"href":"https:\/\/ptmt.com.br\/index.php?rest_route=\/wp\/v2\/posts"}],"about":[{"href":"https:\/\/ptmt.com.br\/index.php?rest_route=\/wp\/v2\/types\/post"}],"author":[{"embeddable":true,"href":"https:\/\/ptmt.com.br\/index.php?rest_route=\/wp\/v2\/users\/2"}],"replies":[{"embeddable":true,"href":"https:\/\/ptmt.com.br\/index.php?rest_route=%2Fwp%2Fv2%2Fcomments&post=3880"}],"version-history":[{"count":1,"href":"https:\/\/ptmt.com.br\/index.php?rest_route=\/wp\/v2\/posts\/3880\/revisions"}],"predecessor-version":[{"id":3882,"href":"https:\/\/ptmt.com.br\/index.php?rest_route=\/wp\/v2\/posts\/3880\/revisions\/3882"}],"wp:featuredmedia":[{"embeddable":true,"href":"https:\/\/ptmt.com.br\/index.php?rest_route=\/wp\/v2\/media\/3881"}],"wp:attachment":[{"href":"https:\/\/ptmt.com.br\/index.php?rest_route=%2Fwp%2Fv2%2Fmedia&parent=3880"}],"wp:term":[{"taxonomy":"category","embeddable":true,"href":"https:\/\/ptmt.com.br\/index.php?rest_route=%2Fwp%2Fv2%2Fcategories&post=3880"},{"taxonomy":"post_tag","embeddable":true,"href":"https:\/\/ptmt.com.br\/index.php?rest_route=%2Fwp%2Fv2%2Ftags&post=3880"}],"curies":[{"name":"wp","href":"https:\/\/api.w.org\/{rel}","templated":true}]}}