{"id":3901,"date":"2025-09-13T16:07:11","date_gmt":"2025-09-13T20:07:11","guid":{"rendered":"https:\/\/ptmt.com.br\/?p=3901"},"modified":"2025-09-15T20:59:03","modified_gmt":"2025-09-16T00:59:03","slug":"eleicao-interna-ludio-encerra-maratona-de-posses-do-pt-mt","status":"publish","type":"post","link":"https:\/\/ptmt.com.br\/?p=3901","title":{"rendered":"ELEI\u00c7\u00c3O INTERNA &#8211; L\u00fadio encerra maratona de posses do PT -MT"},"content":{"rendered":"<p>O deputado estadual L\u00fadio Cabral (PT) encerrou em Cuiab\u00e1, no s\u00e1bado (13), a maratona de posses de dire\u00e7\u00f5es municipais do Partido dos Trabalhadores eleitas com apoio dele durante o Processo de Elei\u00e7\u00e3o Direta (PED) realizado em julho. L\u00fadio percorreu mais de 30 munic\u00edpios em diversas regi\u00f5es de Mato Grosso para participar dos atos de posse dos aliados durante os meses de agosto e setembro.<\/p>\n<p>Em Cuiab\u00e1, a presidenta Edma Macedo foi eleita com 65% dos votos. Contadora e agricultora familiar, Edma sucede a gest\u00e3o de Bob Almeida, que dirigiu o partido na capital por seis anos. O evento de posse da presidenta, da executiva e do diret\u00f3rio ser\u00e1 no s\u00e1bado (13), \u00e0s 17h, no Sindicato dos Trabalhadores no Ensino P\u00fablico de Mato Grosso (Sintep-MT).<\/p>\n<p>Al\u00e9m da capital, o PT ser\u00e1 dirigido por aliados de L\u00fadio em diversos munic\u00edpios polo. Entre eles, Sinop, com o presidente Ney da Sa\u00fade; Tangar\u00e1 da Serra, com o presidente Junior Pimenta; C\u00e1ceres, com James Cabral na presid\u00eancia; Barra do Gar\u00e7as, com Janete Corr\u00eaa como presidenta; e Pontes e Lacerda, com a presidenta Luanna Tafarel.<\/p>\n<p>\u201cO PT \u00e9 o \u00fanico partido que realiza elei\u00e7\u00f5es diretas, em que todos os filiados t\u00eam direito a voto, para escolher quem vai dirigir o partido em todos os munic\u00edpios, em todos os estados e no pa\u00eds. O partido sai fortalecido desse processo, com as dire\u00e7\u00f5es renovadas para cumprir as importantes miss\u00f5es que temos \u00e0 frente. Precisamos estar unidos para enfrentar o avan\u00e7o da extrema-direita e dar suporte \u00e0s pol\u00edticas p\u00fablicas que est\u00e3o sendo implantadas pelo presidente Lula no Brasil\u201d, disse L\u00fadio.<\/p>\n","protected":false},"excerpt":{"rendered":"<p>O deputado estadual L\u00fadio Cabral (PT) encerrou em Cuiab\u00e1, no s\u00e1bado (13), a maratona de posses de dire\u00e7\u00f5es municipais do Partido dos Trabalhadores eleitas com apoio dele durante o Processo [&hellip;]<\/p>\n","protected":false},"author":2,"featured_media":3902,"comment_status":"open","ping_status":"open","sticky":false,"template":"","format":"standard","meta":{"footnotes":""},"categories":[117,8],"tags":[],"_links":{"self":[{"href":"https:\/\/ptmt.com.br\/index.php?rest_route=\/wp\/v2\/posts\/3901"}],"collection":[{"href":"https:\/\/ptmt.com.br\/index.php?rest_route=\/wp\/v2\/posts"}],"about":[{"href":"https:\/\/ptmt.com.br\/index.php?rest_route=\/wp\/v2\/types\/post"}],"author":[{"embeddable":true,"href":"https:\/\/ptmt.com.br\/index.php?rest_route=\/wp\/v2\/users\/2"}],"replies":[{"embeddable":true,"href":"https:\/\/ptmt.com.br\/index.php?rest_route=%2Fwp%2Fv2%2Fcomments&post=3901"}],"version-history":[{"count":1,"href":"https:\/\/ptmt.com.br\/index.php?rest_route=\/wp\/v2\/posts\/3901\/revisions"}],"predecessor-version":[{"id":3903,"href":"https:\/\/ptmt.com.br\/index.php?rest_route=\/wp\/v2\/posts\/3901\/revisions\/3903"}],"wp:featuredmedia":[{"embeddable":true,"href":"https:\/\/ptmt.com.br\/index.php?rest_route=\/wp\/v2\/media\/3902"}],"wp:attachment":[{"href":"https:\/\/ptmt.com.br\/index.php?rest_route=%2Fwp%2Fv2%2Fmedia&parent=3901"}],"wp:term":[{"taxonomy":"category","embeddable":true,"href":"https:\/\/ptmt.com.br\/index.php?rest_route=%2Fwp%2Fv2%2Fcategories&post=3901"},{"taxonomy":"post_tag","embeddable":true,"href":"https:\/\/ptmt.com.br\/index.php?rest_route=%2Fwp%2Fv2%2Ftags&post=3901"}],"curies":[{"name":"wp","href":"https:\/\/api.w.org\/{rel}","templated":true}]}}