{"id":3975,"date":"2025-09-15T20:53:15","date_gmt":"2025-09-16T00:53:15","guid":{"rendered":"https:\/\/ptmt.com.br\/?p=3975"},"modified":"2025-09-18T11:05:43","modified_gmt":"2025-09-18T15:05:43","slug":"discurso-de-despedida-da-presidencia-do-pt-mt","status":"publish","type":"post","link":"https:\/\/ptmt.com.br\/?p=3975","title":{"rendered":"Discurso de Despedida da Presid\u00eancia do PT\/MT"},"content":{"rendered":"<p>Companheiras e companheiros,<\/p>\n<p>Chego a este momento de despedida da presid\u00eancia estadual do Partido dos Trabalhadores de Mato Grosso com o cora\u00e7\u00e3o cheio de gratid\u00e3o e a certeza do dever cumprido. Foram sete anos de batalhas \u00e1rduas, de resist\u00eancias firmes e de vit\u00f3rias que, cada uma \u00e0 sua maneira, deixaram marcas profundas na nossa hist\u00f3ria.<\/p>\n<p>N\u00e3o foi um caminho simples. Vivemos tempos sombrios. Enfrentamos o golpe contra a presidenta Dilma, a pris\u00e3o injusta de Lula, a ascens\u00e3o da extrema-direita e o \u00f3dio espalhado contra nossa milit\u00e2ncia. Mas, diante de cada ataque, respondemos com coragem, organiza\u00e7\u00e3o e esperan\u00e7a.<\/p>\n<p>Em 2018, mostramos nossa for\u00e7a. Eu e o companheiro L\u00fadio Cabral fomos eleitos deputados estaduais. A professora Rosa Neide chegou ao Congresso Nacional e se destacou como uma das vozes mais atuantes do Brasil. E Fernando Haddad levou nossas ideias ao segundo turno na disputa presidencial.<\/p>\n<p>Em 2020, enfrentei a elei\u00e7\u00e3o suplementar ao Senado. Gra\u00e7as \u00e0 confian\u00e7a do povo e ao apoio dos companheiros e companheiras, conquistamos mais de 117 mil votos, um avan\u00e7o que mostrou que o PT estava vivo e pulsante em Mato Grosso. Nas c\u00e2maras municipais, elegemos 21 vereadores em 14 munic\u00edpios \u2014 um resultado expressivo diante de tantas adversidades.<\/p>\n<p>Em 2021 o PT se uniu ao PCdoB e PV para formar a Federa\u00e7\u00e3o Brasil da Esperan\u00e7a e construir a base para a elei\u00e7\u00e3o do presidente Lula, e quero agradecer ao PCdoB na pessoa de sua presidenta estadual Professora Patr\u00edcia e ao PV na pessoa de seu presidente estadual Stopa pela harmoniosa conviv\u00eancia que tivemos, fruto do senso de responsabilidade partid\u00e1ria que nos guia.<\/p>\n<p>Chegamos a 2022 com um objetivo maior: reconduzir Lula \u00e0 Presid\u00eancia e deter a amea\u00e7a fascista. E conseguimos! Lula voltou, e o Brasil voltou a sonhar. Nesse mesmo ano, eu e o companheiro L\u00fadio renovamos nossos mandatos na Assembleia Legislativa. A professora Rosa Neide foi a deputada federal mais votada do estado, com quase 125 mil votos, lamentavelmente n\u00e3o se elegendo pelo quociente eleitoral. Foi uma prova do tamanho da confian\u00e7a e da for\u00e7a do nosso projeto.<\/p>\n<p>Em 2024, enfrentamos um novo inimigo: as fake news e o discurso de \u00f3dio. Mas n\u00e3o nos intimidamos. Ampliamos nossa presen\u00e7a, elegendo 21 vereadores em 16 munic\u00edpios, disputando em 75 cidades. E em Cuiab\u00e1, vivemos um momento hist\u00f3rico: L\u00fadio Cabral chegou ao segundo turno, conquistando o apoio de quase 150 mil cora\u00e7\u00f5es cuiabanos. Aqui agrade\u00e7o \u00e0 todos e todas que colocaram seus nomes para a disputa,<\/p>\n<p>N\u00e3o posso deixar de compartilhar tamb\u00e9m o momento mais dif\u00edcil da minha vida: o enfrentamento da COVID-19, quando o Brasil vivenciou a pior pandemia de sua hist\u00f3ria, com a perda de mais de 700 mil pessoas e outras milhares que, como eu, ficar\u00e3o sequeladas f\u00edsica e emocionalmente pelo resto da vida. Isso aconteceu em meio ao meu mandato como presidente do PT, em 2021, quando fiquei 52 dias intubado, 83 dias na UTI e o restante do ano em reabilita\u00e7\u00e3o. Sei que ningu\u00e9m orou mais por mim, nas mais distintas cren\u00e7as e religi\u00f5es, do que meus familiares e os companheiros e companheiras do PT. E foi a f\u00e9 desse povo que me sustentou. Deus me concedeu uma nova oportunidade, e quem passou por esse calv\u00e1rio tem a obriga\u00e7\u00e3o de voltar melhor. Por isso, renovei meu compromisso com Deus de dedicar cada um dos meus dias de vida aos que mais precisam \u2014 e assim o farei.<\/p>\n<p>Companheiras e companheiros, n\u00e3o nos curvamos. Organizamos o partido em todas as regi\u00f5es do estado, fortalecemos nossa base, estruturamos nossas sedes, mobilizamos a juventude e mantivemos acesa a chama da esperan\u00e7a em um dos estados mais hostis \u00e0 nossa causa.<\/p>\n<p>Quero destacar tamb\u00e9m que, a partir do mandato iniciado em 1\u00ba de janeiro de 2023, o presidente Lula tem feito chegar a Mato Grosso um conjunto de obras e programas que mudam a vida do nosso povo. Ap\u00f3s o golpe contra a presidenta Dilma, as obras federais em Mato Grosso foram paralisadas e as institui\u00e7\u00f5es p\u00fablicas sucateadas. Hoje, com Lula, estamos acompanhando as reorganiza\u00e7\u00f5es de pr\u00e9dios p\u00fablicos, assegurando melhores condi\u00e7\u00f5es de trabalho aos servidores e atendimento digno aos cidad\u00e3os e cidad\u00e3s.<\/p>\n<p>O presidente Lula determinou, j\u00e1 nos primeiros dias de governo, a celebra\u00e7\u00e3o do termo que autorizou a gest\u00e3o das obras da BR-163 pela concession\u00e1ria Rota Oeste, com aporte de R$ 5,5 bilh\u00f5es para investimentos. \u00c9 importante destacar: o governador do estado tentou exaustivamente essa autoriza\u00e7\u00e3o durante o governo Bolsonaro e n\u00e3o conseguiu. Gra\u00e7as a Lula, a obra est\u00e1 em curso e contar\u00e1 ainda com mais duas etapas: uma de Sinop at\u00e9 a divisa com o Par\u00e1 e outra at\u00e9 os portos paraenses.<\/p>\n<p>Outro exemplo emblem\u00e1tico: desde o golpe contra Dilma, as obras do Hospital J\u00falio M\u00fcller estavam paralisadas. Hoje est\u00e3o retomadas e com previs\u00e3o de entrega para os pr\u00f3ximos meses. Tamb\u00e9m retomamos os empreendimentos do Minha Casa, Minha Vida em Rondon\u00f3polis, Sinop, V\u00e1rzea Grande e Barra do Gar\u00e7as. Muitos j\u00e1 foram entregues e outros ser\u00e3o entregues em breve, garantindo moradia digna \u00e0s fam\u00edlias. E tivemos tamb\u00e9m as amplia\u00e7\u00f5es dos aeroportos de V\u00e1rzea Grande, Rondon\u00f3polis, Sinop e Alta Floresta, j\u00e1 inaugurados pelo presidente Lula em sua vinda a V\u00e1rzea Grande, refor\u00e7ando a infraestrutura log\u00edstica e a integra\u00e7\u00e3o do nosso estado com o Brasil e o mundo.<\/p>\n<p>Desde o golpe contra Dilma, nada mais andou nas obras das BR-158 e BR-242. Agora, com o nosso governo do PT, a BR-158 j\u00e1 conta com as licen\u00e7as ambientais expedidas, tanto para a obra quanto para as jazidas de cascalho, e as obras v\u00e3o acontecer gra\u00e7as \u00e0 determina\u00e7\u00e3o do presidente Lula. E, al\u00e9m disso, retomamos tamb\u00e9m as obras de ferrovias, ampliando a infraestrutura log\u00edstica do nosso estado e do Brasil.<\/p>\n<p>O Minha Casa, Minha Vida voltou a entregar moradias dignas \u00e0s fam\u00edlias trabalhadoras, incluindo moradias em assentamentos do INCRA e em quilombos. Avan\u00e7amos com a cria\u00e7\u00e3o de novos assentamentos da reforma agr\u00e1ria, a titula\u00e7\u00e3o definitiva de mais de 5 mil lotes de assentamentos e as retomadas de grandes \u00e1reas p\u00fablicas griladas por fazendeiros, agora destinadas \u00e0 reforma agr\u00e1ria.<\/p>\n<p>No campo da produ\u00e7\u00e3o, Lula ampliou o Plano Safra do agroneg\u00f3cio para mais de meio trilh\u00e3o de reais, beneficiando em muito o agro de Mato Grosso, e, ao mesmo tempo, fortaleceu a agricultura camponesa com a amplia\u00e7\u00e3o do Plano Safra da Agricultura Familiar para mais de 80 bilh\u00f5es de reais. Sob a responsabilidade do MDA, o governo executa ainda o Desenrola Rural, o maior programa de renegocia\u00e7\u00e3o das d\u00edvidas da agricultura familiar da hist\u00f3ria do Brasil, garantindo f\u00f4lego e dignidade a quem produz alimentos para o povo. Pelo MAPA, avan\u00e7amos na aquisi\u00e7\u00e3o de m\u00e1quinas e equipamentos para a agricultura familiar e criamos o programa Solo Vivo, que fomenta a pesquisa, a assist\u00eancia t\u00e9cnica e a extens\u00e3o rural.<\/p>\n<p>Al\u00e9m disso, vemos a\u00e7\u00f5es efetivas das superintend\u00eancias do Minist\u00e9rio da Sa\u00fade, do MDA, da Conab, do MAPA, do IBAMA, do ICMBio, do TRT, da Funai, dos Correios, da PRF, da PF, dos DSEIs e dos bancos p\u00fablicos, que voltaram a ter protagonismo em Mato Grosso.<\/p>\n<p>E n\u00e3o posso deixar de enaltecer o trabalho extraordin\u00e1rio da professora Rosa Neide, que ao lado do companheiro Edegar Pretto, administra com maestria a Conab. Juntos, revitalizaram o Programa de Aquisi\u00e7\u00e3o de Alimentos (PAA), extinto pelo governo do ineleg\u00edvel, e que hoje \u00e9 novamente o maior programa de aquisi\u00e7\u00e3o de alimentos do mundo, fortalecendo a agricultura familiar, gerando emprego e renda, garantindo alimenta\u00e7\u00e3o saud\u00e1vel, soberania alimentar e retirando o Brasil do Mapa da Fome. Foi tamb\u00e9m pela a\u00e7\u00e3o da Conab que conseguimos ampliar os estoques reguladores para recuperar o equil\u00edbrio dos pre\u00e7os do arroz, do milho e de tantos outros alimentos indispens\u00e1veis \u00e0 mesa das brasileiras e brasileiros. O povo brasileiro voltou a comer picanha sim.<\/p>\n<p>Quero ainda registrar todo o carinho que o presidente Lula tem por Mato Grosso. Em menos de tr\u00eas anos de mandato, j\u00e1 esteve quatro vezes em nosso estado, demonstrando proximidade, respeito e compromisso com o nosso povo. Mesmo diante de uma bancada federal majoritariamente de extrema direita, Lula age como um verdadeiro estadista, um democrata que governa para todos, sem distin\u00e7\u00e3o, e que reconhece a import\u00e2ncia de Mato Grosso para o Brasil. Nenhum outro governo brasileiro fez tanto por Mato Grosso \u2014 e, sobretudo, nenhum governo fez mais pelo agro do que os governos do presidente Lula. Isso \u00e9 fruto da vis\u00e3o de desenvolvimento com inclus\u00e3o social, de um homem forjado na luta e preparado para o pleno exerc\u00edcio da democracia.<\/p>\n<p>N\u00e3o poderia deixar de registrar tamb\u00e9m minha homenagem aos povos ind\u00edgenas de Mato Grosso e do Brasil. Nosso estado abriga 43 etnias, cada uma guardi\u00e3 de saberes, culturas e territ\u00f3rios que s\u00e3o patrim\u00f4nio do pa\u00eds. No governo Bolsonaro, esses povos estiveram amea\u00e7ados de perder seus territ\u00f3rios, foram exclu\u00eddos das pol\u00edticas p\u00fablicas e sofreram com o aumento brutal da mortalidade infantil, da fome, da depress\u00e3o e de tantos outros males. Ainda assim, resistiram bravamente, lutaram contra o marco temporal e, por absoluta consci\u00eancia pol\u00edtica, votaram majoritariamente \u2014 e, em alguns povos, at\u00e9 unanimemente \u2014 no presidente Lula nas elei\u00e7\u00f5es de 2022. Nosso governo tem uma enorme d\u00edvida para com os povos origin\u00e1rios, sobretudo na supera\u00e7\u00e3o das mazelas deixadas pelo governo do ineleg\u00edvel, que ainda est\u00e3o longe de serem superadas. \u00c9 dever nosso, como partido e como governo, caminhar lado a lado com eles, garantindo terra, dignidade e futuro.<\/p>\n<p>Quero tamb\u00e9m registrar minha profunda gratid\u00e3o \u00e0 ministra Gleisi Hoffmann, com quem convivi durante nossas gest\u00f5es \u2014 ela \u00e0 frente da presid\u00eancia do Diret\u00f3rio Nacional do PT e eu do Diret\u00f3rio Estadual. Minha admira\u00e7\u00e3o pela sua compet\u00eancia e firmeza \u00e9 imensa, pois foi ao seu lado que fizemos a travessia no momento mais turbulento da nossa hist\u00f3ria: o golpe contra a presidenta Dilma, a persegui\u00e7\u00e3o e a pris\u00e3o ilegal de Lula, a luta por sua liberdade, a reconstru\u00e7\u00e3o do PT, a candidatura e a vit\u00f3ria do presidente Lula, al\u00e9m de in\u00fameros outros desafios. Durante todo esse tempo, Gleisi sempre foi uma parceira que tratou-nos com elevado carinho. Estendo essa gratid\u00e3o a todos e todas que, com ela, compuseram o Diret\u00f3rio Nacional do PT, assim como ao companheiro senador Humberto Costa, que exerceu interinamente a presid\u00eancia do DNPT com dedica\u00e7\u00e3o e compromisso. Aproveito tamb\u00e9m para desejar muito sucesso ao companheiro Edinho Silva, eleito no \u00faltimo PED e que ter\u00e1 a miss\u00e3o de presidir o PT pelos pr\u00f3ximos quatro anos.<\/p>\n<p>Quero expressar ainda minha gratid\u00e3o profunda aos movimentos sociais, que sempre atenderam ao chamado do nosso partido para somarmos for\u00e7as contra as injusti\u00e7as. Foram eles presen\u00e7a constante na mobiliza\u00e7\u00e3o permanente pela liberdade de Lula e seguem hoje nas ruas para garantir que compromissos inexor\u00e1veis do nosso presidente e da esquerda possam ser aprovados pelo Congresso Nacional, como o fim da escala 6&#215;1, a taxa\u00e7\u00e3o dos bilion\u00e1rios e a isen\u00e7\u00e3o do imposto de renda para quem ganha at\u00e9 5 mil reais \u2014 colocando os ricos no imposto de renda e os pobres no or\u00e7amento. Os movimentos sociais precisam se manter permanentemente mobilizados pela busca da justi\u00e7a social: por moradia, pela reforma agr\u00e1ria, por educa\u00e7\u00e3o e sa\u00fade p\u00fablica de qualidade e por tantas outras pol\u00edticas que, apesar de asseguradas pela Constitui\u00e7\u00e3o, s\u00f3 se tornar\u00e3o realidade por meio da luta popular.<\/p>\n<p>Quero fazer um agradecimento especial \u00e0 minha esposa Rose Barranco e aos meus filhos Paulo Henrique e Ana Carolina, que tantas vezes me viram ausente diante da dupla responsabilidade de deputado estadual e presidente do PT. Mesmo com a minha aus\u00eancia, sempre compreenderam e, mais que isso, me estimularam a seguir em frente, com coragem e dedica\u00e7\u00e3o.<\/p>\n<p>Agrade\u00e7o tamb\u00e9m aos companheiros e companheiras, das distintas correntes do nosso partido, que nos dois mandatos frente ao PT dividiram comigo as enormes responsabilidades de conduzir o diret\u00f3rio estadual, a comiss\u00e3o executiva estadual e nossas secretarias e setoriais. A unidade constru\u00edda nesse espa\u00e7o coletivo foi fundamental para que resist\u00edssemos e avan\u00e7\u00e1ssemos.<\/p>\n<p>Fa\u00e7o mem\u00f3ria aqui ao poeta Carlos Drummond de Andrade, que em seu poema \u201cDespedida\u201d muito bem destacou esse t\u00e3o sublime momento:<\/p>\n<p>N\u00e3o digam que fizemos pouco, diante do muito que havia a ser feito.<br \/>\nFizemos o que devia ser feito, na hora exata em que era preciso.<\/p>\n<p>N\u00e3o digam que foi pequena a obra, diante da grande que estava por fazer.<br \/>\nA obra \u00e9 sempre pequena se a medirmos pelo infinito.<\/p>\n<p>Mas para n\u00f3s, que a fizemos, ela \u00e9 grande e definitiva.<br \/>\nPorque n\u00f3s a fizemos juntos, e juntos sofremos por ela.<\/p>\n<p>Outras m\u00e3os, outros bra\u00e7os, dar\u00e3o continuidade ao que come\u00e7amos.<br \/>\nE o que hoje parece uma semente, amanh\u00e3 ser\u00e1 \u00e1rvore frondosa.<\/p>\n<p>N\u00e3o digam que foi em v\u00e3o. Nada que se faz com amor e com convic\u00e7\u00e3o se perde.<br \/>\nTudo fica, tudo se transforma.<\/p>\n<p>Saio da presid\u00eancia de cabe\u00e7a erguida, com a certeza de que plantamos ra\u00edzes profundas. Agrade\u00e7o a cada militante, a cada dirigente, a cada companheiro e companheira que esteve ao meu lado nesta jornada. E reafirmo: sigo na trincheira da luta, como sempre. Porque desistir jamais foi e jamais ser\u00e1 uma op\u00e7\u00e3o para n\u00f3s.<\/p>\n<p>Muito obrigado, companheiras e companheiros. Viva o Partido dos Trabalhadores! Viva o povo de Mato Grosso! E viva o Brasil de Lula!<\/p>\n<p style=\"text-align: center;\">VALDIR BARRANCO<\/p>\n<p style=\"text-align: center;\">DEPUTADO ESTADUAL<\/p>\n","protected":false},"excerpt":{"rendered":"<p>Companheiras e companheiros, Chego a este momento de despedida da presid\u00eancia estadual do Partido dos Trabalhadores de Mato Grosso com o cora\u00e7\u00e3o cheio de gratid\u00e3o e a certeza do dever [&hellip;]<\/p>\n","protected":false},"author":2,"featured_media":3981,"comment_status":"open","ping_status":"open","sticky":false,"template":"","format":"standard","meta":{"footnotes":""},"categories":[9,117,8],"tags":[],"_links":{"self":[{"href":"https:\/\/ptmt.com.br\/index.php?rest_route=\/wp\/v2\/posts\/3975"}],"collection":[{"href":"https:\/\/ptmt.com.br\/index.php?rest_route=\/wp\/v2\/posts"}],"about":[{"href":"https:\/\/ptmt.com.br\/index.php?rest_route=\/wp\/v2\/types\/post"}],"author":[{"embeddable":true,"href":"https:\/\/ptmt.com.br\/index.php?rest_route=\/wp\/v2\/users\/2"}],"replies":[{"embeddable":true,"href":"https:\/\/ptmt.com.br\/index.php?rest_route=%2Fwp%2Fv2%2Fcomments&post=3975"}],"version-history":[{"count":1,"href":"https:\/\/ptmt.com.br\/index.php?rest_route=\/wp\/v2\/posts\/3975\/revisions"}],"predecessor-version":[{"id":3982,"href":"https:\/\/ptmt.com.br\/index.php?rest_route=\/wp\/v2\/posts\/3975\/revisions\/3982"}],"wp:featuredmedia":[{"embeddable":true,"href":"https:\/\/ptmt.com.br\/index.php?rest_route=\/wp\/v2\/media\/3981"}],"wp:attachment":[{"href":"https:\/\/ptmt.com.br\/index.php?rest_route=%2Fwp%2Fv2%2Fmedia&parent=3975"}],"wp:term":[{"taxonomy":"category","embeddable":true,"href":"https:\/\/ptmt.com.br\/index.php?rest_route=%2Fwp%2Fv2%2Fcategories&post=3975"},{"taxonomy":"post_tag","embeddable":true,"href":"https:\/\/ptmt.com.br\/index.php?rest_route=%2Fwp%2Fv2%2Ftags&post=3975"}],"curies":[{"name":"wp","href":"https:\/\/api.w.org\/{rel}","templated":true}]}}