{"id":4030,"date":"2025-09-17T07:28:57","date_gmt":"2025-09-17T11:28:57","guid":{"rendered":"https:\/\/ptmt.com.br\/?p=4030"},"modified":"2025-09-24T11:54:28","modified_gmt":"2025-09-24T15:54:28","slug":"pt-aciona-orgaos-de-controle-contra-declaracoes-antidemocraticas-de-jose-medeiros-e-valmor-scariote","status":"publish","type":"post","link":"https:\/\/ptmt.com.br\/?p=4030","title":{"rendered":"PT aciona \u00f3rg\u00e3os de controle contra declara\u00e7\u00f5es antidemocr\u00e1ticas de Jos\u00e9 Medeiros e Valmor Scariote"},"content":{"rendered":"<p>Uma das \u00faltimas a\u00e7\u00f5es do deputado estadual Valdir Barranco \u00e0 frente da presid\u00eancia do Partido dos Trabalhadores em Mato Grosso foi encaminhar den\u00fancias aos \u00f3rg\u00e3os competentes contra o deputado federal Jos\u00e9 Medeiros (PL) e o produtor rural Valmor Scariote, irm\u00e3o do prefeito de Sapezal, Cl\u00e1udio Scariote (Republicanos).<\/p>\n<p>No caso de Medeiros, o PT solicitou \u00e0 Procuradoria-Geral da Rep\u00fablica (PGR) e ao Minist\u00e9rio da Justi\u00e7a e Seguran\u00e7a P\u00fablica a abertura de representa\u00e7\u00e3o no Supremo Tribunal Federal (STF) por incita\u00e7\u00e3o ao crime, crimes contra a honra e atentado ao Estado Democr\u00e1tico de Direito.<\/p>\n<p>O pedido foi motivado por declara\u00e7\u00f5es feitas pelo deputado durante a Expo Primavera 2025, em 30 de agosto, na cidade de Primavera do Leste. Na ocasi\u00e3o, diante de centenas de pessoas, Medeiros afirmou: \u201cObrigado pela recep\u00e7\u00e3o calorosa e, para n\u00e3o deixar o Faissal sozinho, fora Alexandre de Moraes. Em 2027 voc\u00ea vai ser preso.\u201d<\/p>\n<p>A fala, amplamente divulgada pela imprensa, foi considerada um ataque direto ao ministro do STF Alexandre de Moraes, configurando incita\u00e7\u00e3o \u00e0 hostilidade contra a Corte e imputa\u00e7\u00e3o infundada de crime. O v\u00eddeo com a declara\u00e7\u00e3o foi anexado \u00e0 representa\u00e7\u00e3o.<\/p>\n<p>Segundo o PT, o discurso de Medeiros ultrapassa os limites da liberdade de express\u00e3o e do exerc\u00edcio do mandato parlamentar, representando um atentado \u00e0s institui\u00e7\u00f5es democr\u00e1ticas, \u00e0 honra de uma autoridade da Rep\u00fablica e ao pr\u00f3prio Estado Democr\u00e1tico de Direito.<\/p>\n<p><strong>Caso Valmor Scariote<\/strong><\/p>\n<p>As representa\u00e7\u00f5es contra o agricultor Valmor Scariote foram protocoladas na PGR, no Minist\u00e9rio da Justi\u00e7a e na Procuradoria-Geral de Justi\u00e7a de Mato Grosso.<\/p>\n<p>De acordo com os documentos, as falas de Scariote configuram condutas il\u00edcitas graves, como amea\u00e7a, incita\u00e7\u00e3o ao crime, atentado ao Estado Democr\u00e1tico de Direito e discrimina\u00e7\u00e3o pol\u00edtico-partid\u00e1ria.<\/p>\n<p>O PT pede a abertura de a\u00e7\u00f5es penais contra o produtor rural, dilig\u00eancias investigativas pelo Minist\u00e9rio P\u00fablico Estadual e que a Procuradoria-Geral Eleitoral seja comunicada, j\u00e1 que as declara\u00e7\u00f5es podem caracterizar abuso de poder pol\u00edtico e discurso de \u00f3dio.<\/p>\n<p>Para a sigla, as ofensas ultrapassam os limites da cr\u00edtica pol\u00edtica e da liberdade de express\u00e3o, configurando incita\u00e7\u00e3o criminosa \u00e0 viol\u00eancia contra cidad\u00e3os por sua escolha partid\u00e1ria. \u201cTrata-se de conduta que atenta contra a vida, a dignidade humana e a pr\u00f3pria sobreviv\u00eancia do regime democr\u00e1tico\u201d, afirma o documento.<\/p>\n","protected":false},"excerpt":{"rendered":"<p>Uma das \u00faltimas a\u00e7\u00f5es do deputado estadual Valdir Barranco \u00e0 frente da presid\u00eancia do Partido dos Trabalhadores em Mato Grosso foi encaminhar den\u00fancias aos \u00f3rg\u00e3os competentes contra o deputado federal [&hellip;]<\/p>\n","protected":false},"author":2,"featured_media":4032,"comment_status":"open","ping_status":"open","sticky":false,"template":"","format":"standard","meta":{"footnotes":""},"categories":[117,8],"tags":[],"_links":{"self":[{"href":"https:\/\/ptmt.com.br\/index.php?rest_route=\/wp\/v2\/posts\/4030"}],"collection":[{"href":"https:\/\/ptmt.com.br\/index.php?rest_route=\/wp\/v2\/posts"}],"about":[{"href":"https:\/\/ptmt.com.br\/index.php?rest_route=\/wp\/v2\/types\/post"}],"author":[{"embeddable":true,"href":"https:\/\/ptmt.com.br\/index.php?rest_route=\/wp\/v2\/users\/2"}],"replies":[{"embeddable":true,"href":"https:\/\/ptmt.com.br\/index.php?rest_route=%2Fwp%2Fv2%2Fcomments&post=4030"}],"version-history":[{"count":1,"href":"https:\/\/ptmt.com.br\/index.php?rest_route=\/wp\/v2\/posts\/4030\/revisions"}],"predecessor-version":[{"id":4033,"href":"https:\/\/ptmt.com.br\/index.php?rest_route=\/wp\/v2\/posts\/4030\/revisions\/4033"}],"wp:featuredmedia":[{"embeddable":true,"href":"https:\/\/ptmt.com.br\/index.php?rest_route=\/wp\/v2\/media\/4032"}],"wp:attachment":[{"href":"https:\/\/ptmt.com.br\/index.php?rest_route=%2Fwp%2Fv2%2Fmedia&parent=4030"}],"wp:term":[{"taxonomy":"category","embeddable":true,"href":"https:\/\/ptmt.com.br\/index.php?rest_route=%2Fwp%2Fv2%2Fcategories&post=4030"},{"taxonomy":"post_tag","embeddable":true,"href":"https:\/\/ptmt.com.br\/index.php?rest_route=%2Fwp%2Fv2%2Ftags&post=4030"}],"curies":[{"name":"wp","href":"https:\/\/api.w.org\/{rel}","templated":true}]}}