{"id":4040,"date":"2025-09-18T10:55:16","date_gmt":"2025-09-18T14:55:16","guid":{"rendered":"https:\/\/ptmt.com.br\/?p=4040"},"modified":"2025-09-24T11:49:24","modified_gmt":"2025-09-24T15:49:24","slug":"agora-no-lugar-de-ludio-rodizio-do-pt-na-assembleia-legislativa-segue-com-edna-sampaio","status":"publish","type":"post","link":"https:\/\/ptmt.com.br\/?p=4040","title":{"rendered":"AGORA NA VAGA DO L\u00daDIO: Rod\u00edzio do PT na Assembleia Legislativa segue com Edna Sampaio"},"content":{"rendered":"<p>Nesta quarta-feira (17), a deputada estadual Edna Sampaio (PT) deu continuidade ao rod\u00edzio promovido pelo Partido dos Trabalhadores na Assembleia Legislativa de Mato Grosso. Primeira suplente da sigla, Edna ocupava desde 15 de agosto a vaga do deputado estadual Valdir Barranco e, agora, passa a substituir o parlamentar L\u00fadio Cabral.<\/p>\n<p>O rod\u00edzio teve in\u00edcio com o sindicalista Henrique Lopes, primeiro suplente a assumir uma cadeira no Parlamento. Em seguida, foi a vez da professora Graciele, de ex-vereadora de Sinop. Ambos permaneceram por 30 dias.<\/p>\n<p>No caso de Edna, o acordo entre os suplentes petistas estabeleceu um prazo maior, de 60 dias, em raz\u00e3o da expressiva vota\u00e7\u00e3o que recebeu nas \u00faltimas elei\u00e7\u00f5es.<\/p>\n<p>A altern\u00e2ncia nos mandatos continuar\u00e1 em 2026, quando deve assumir o ex-prefeito de Ju\u00edna e atual coordenador do Minist\u00e9rio da Sa\u00fade em Mato Grosso, Altir Peruzzo. O ciclo ser\u00e1 encerrado em abril, com a posse da lideran\u00e7a ind\u00edgena Eliane Xunakalo.<\/p>\n","protected":false},"excerpt":{"rendered":"<p>Nesta quarta-feira (17), a deputada estadual Edna Sampaio (PT) deu continuidade ao rod\u00edzio promovido pelo Partido dos Trabalhadores na Assembleia Legislativa de Mato Grosso. Primeira suplente da sigla, Edna ocupava [&hellip;]<\/p>\n","protected":false},"author":2,"featured_media":4041,"comment_status":"open","ping_status":"open","sticky":false,"template":"","format":"standard","meta":{"footnotes":""},"categories":[117,8],"tags":[],"_links":{"self":[{"href":"https:\/\/ptmt.com.br\/index.php?rest_route=\/wp\/v2\/posts\/4040"}],"collection":[{"href":"https:\/\/ptmt.com.br\/index.php?rest_route=\/wp\/v2\/posts"}],"about":[{"href":"https:\/\/ptmt.com.br\/index.php?rest_route=\/wp\/v2\/types\/post"}],"author":[{"embeddable":true,"href":"https:\/\/ptmt.com.br\/index.php?rest_route=\/wp\/v2\/users\/2"}],"replies":[{"embeddable":true,"href":"https:\/\/ptmt.com.br\/index.php?rest_route=%2Fwp%2Fv2%2Fcomments&post=4040"}],"version-history":[{"count":2,"href":"https:\/\/ptmt.com.br\/index.php?rest_route=\/wp\/v2\/posts\/4040\/revisions"}],"predecessor-version":[{"id":4043,"href":"https:\/\/ptmt.com.br\/index.php?rest_route=\/wp\/v2\/posts\/4040\/revisions\/4043"}],"wp:featuredmedia":[{"embeddable":true,"href":"https:\/\/ptmt.com.br\/index.php?rest_route=\/wp\/v2\/media\/4041"}],"wp:attachment":[{"href":"https:\/\/ptmt.com.br\/index.php?rest_route=%2Fwp%2Fv2%2Fmedia&parent=4040"}],"wp:term":[{"taxonomy":"category","embeddable":true,"href":"https:\/\/ptmt.com.br\/index.php?rest_route=%2Fwp%2Fv2%2Fcategories&post=4040"},{"taxonomy":"post_tag","embeddable":true,"href":"https:\/\/ptmt.com.br\/index.php?rest_route=%2Fwp%2Fv2%2Ftags&post=4040"}],"curies":[{"name":"wp","href":"https:\/\/api.w.org\/{rel}","templated":true}]}}