{"id":4045,"date":"2025-09-18T11:03:48","date_gmt":"2025-09-18T15:03:48","guid":{"rendered":"https:\/\/ptmt.com.br\/?p=4045"},"modified":"2025-09-18T11:04:44","modified_gmt":"2025-09-18T15:04:44","slug":"pt-de-rondonopolis-julio-cesar-campos-assume-presidencia-e-se-torna-um-dos-mais-jovens-dirigentes-do-pais","status":"publish","type":"post","link":"https:\/\/ptmt.com.br\/?p=4045","title":{"rendered":"PT DE RONDON\u00d3POLIS- J\u00falio C\u00e9sar Campos assume presid\u00eancia e se torna um dos mais jovens dirigentes do pa\u00eds"},"content":{"rendered":"<p>O Partido dos Trabalhadores de Rondon\u00f3polis tem um novo presidente em exerc\u00edcio. J\u00falio C\u00e9sar Campos assumiu a dire\u00e7\u00e3o municipal ap\u00f3s o afastamento tempor\u00e1rio de Wendell Girotto, que passa a atuar como secret\u00e1rio de Forma\u00e7\u00e3o do PT na Executiva Estadual.<\/p>\n<p>A decis\u00e3o foi oficializada na reuni\u00e3o do Diret\u00f3rio Municipal realizada no dia 17 de setembro. Aos 19 anos de idade, J\u00falio se torna n\u00e3o apenas o mais jovem presidente da hist\u00f3ria do PT em Rondon\u00f3polis, mas tamb\u00e9m um dos dirigentes municipais mais jovens do Brasil, entre os mais de 4.500 diret\u00f3rios do partido espalhados pelo pa\u00eds.<\/p>\n<p>O novo presidente destacou que encara a fun\u00e7\u00e3o como uma miss\u00e3o coletiva:<br \/>\n\u201cRecebo essa responsabilidade com imensa honra e esp\u00edrito de luta, dando continuidade ao trabalho do companheiro Girotto, sempre com o mesmo compromisso com a democracia e com as causas dos trabalhadores e trabalhadoras\u201d, afirmou.<\/p>\n<p>Para J\u00falio, sua posse simboliza a renova\u00e7\u00e3o dentro do partido e o fortalecimento da juventude petista.<br \/>\n\u201cEsse \u00e9 um marco importante, que representa a for\u00e7a da juventude e o in\u00edcio de um processo de transi\u00e7\u00e3o geracional no PT\u201d, acrescentou.<\/p>\n<p>Com a mudan\u00e7a, a dire\u00e7\u00e3o municipal garante a continuidade do trabalho de organiza\u00e7\u00e3o do partido em Rondon\u00f3polis, refor\u00e7ando a presen\u00e7a petista no cen\u00e1rio pol\u00edtico local e estadual.<\/p>\n","protected":false},"excerpt":{"rendered":"<p>O Partido dos Trabalhadores de Rondon\u00f3polis tem um novo presidente em exerc\u00edcio. J\u00falio C\u00e9sar Campos assumiu a dire\u00e7\u00e3o municipal ap\u00f3s o afastamento tempor\u00e1rio de Wendell Girotto, que passa a atuar [&hellip;]<\/p>\n","protected":false},"author":2,"featured_media":4046,"comment_status":"open","ping_status":"open","sticky":false,"template":"","format":"standard","meta":{"footnotes":""},"categories":[9,8],"tags":[],"_links":{"self":[{"href":"https:\/\/ptmt.com.br\/index.php?rest_route=\/wp\/v2\/posts\/4045"}],"collection":[{"href":"https:\/\/ptmt.com.br\/index.php?rest_route=\/wp\/v2\/posts"}],"about":[{"href":"https:\/\/ptmt.com.br\/index.php?rest_route=\/wp\/v2\/types\/post"}],"author":[{"embeddable":true,"href":"https:\/\/ptmt.com.br\/index.php?rest_route=\/wp\/v2\/users\/2"}],"replies":[{"embeddable":true,"href":"https:\/\/ptmt.com.br\/index.php?rest_route=%2Fwp%2Fv2%2Fcomments&post=4045"}],"version-history":[{"count":1,"href":"https:\/\/ptmt.com.br\/index.php?rest_route=\/wp\/v2\/posts\/4045\/revisions"}],"predecessor-version":[{"id":4047,"href":"https:\/\/ptmt.com.br\/index.php?rest_route=\/wp\/v2\/posts\/4045\/revisions\/4047"}],"wp:featuredmedia":[{"embeddable":true,"href":"https:\/\/ptmt.com.br\/index.php?rest_route=\/wp\/v2\/media\/4046"}],"wp:attachment":[{"href":"https:\/\/ptmt.com.br\/index.php?rest_route=%2Fwp%2Fv2%2Fmedia&parent=4045"}],"wp:term":[{"taxonomy":"category","embeddable":true,"href":"https:\/\/ptmt.com.br\/index.php?rest_route=%2Fwp%2Fv2%2Fcategories&post=4045"},{"taxonomy":"post_tag","embeddable":true,"href":"https:\/\/ptmt.com.br\/index.php?rest_route=%2Fwp%2Fv2%2Ftags&post=4045"}],"curies":[{"name":"wp","href":"https:\/\/api.w.org\/{rel}","templated":true}]}}