{"id":5447,"date":"2026-04-22T11:27:20","date_gmt":"2026-04-22T15:27:20","guid":{"rendered":"https:\/\/ptmt.com.br\/?p=5447"},"modified":"2026-04-22T11:27:46","modified_gmt":"2026-04-22T15:27:46","slug":"brasil-assina-declaracao-com-alemanha-para-aporte-de-ate-500-milhoes-de-euros-ao-fundo-clima","status":"publish","type":"post","link":"https:\/\/ptmt.com.br\/?p=5447","title":{"rendered":"Brasil assina declara\u00e7\u00e3o com Alemanha para aporte de at\u00e9 500 milh\u00f5es de euros ao Fundo Clima"},"content":{"rendered":"<p>Os governos brasileiro e alem\u00e3o firmaram na segunda-feira (20\/4), declara\u00e7\u00e3o conjunta em que a Alemanha manifesta a inten\u00e7\u00e3o de aportar at\u00e9 R$ 2,94 bilh\u00f5es (500 milh\u00f5es de euros) ao Fundo Clima por meio de seu banco de desenvolvimento KfW. O Fundo \u00e9 operado pelo Banco Nacional de Desenvolvimento Econ\u00f4mico e Social (BNDES) e liderado pelo Minist\u00e9rio do Meio Ambiente e Mudan\u00e7a do Clima (MMA), que coordena seu Comit\u00ea Gestor.<\/p>\n<p>O ato foi firmado em Han\u00f4ver, na Alemanha, paralelamente \u00e0s agendas oficiais que o presidente Lula cumpriu na cidade \u2013 entre elas, a Feira Industrial de Han\u00f4ver . Participaram da cerim\u00f4nia os ministros do Meio Ambiente e Mudan\u00e7a do Clima do Brasil, Jo\u00e3o Paulo Capobianco, e da Coopera\u00e7\u00e3o Econ\u00f4mica e do Desenvolvimento da Alemanha, Reem Alabali-Radovan, al\u00e9m de representantes do BNDES e KfW.<\/p>\n<p>A medida se relaciona a uma iniciativa conjunta, que tem tamb\u00e9m a participa\u00e7\u00e3o da Ag\u00eancia Francesa de Desenvolvimento (AFD) e da italiana Cassa Depositi e Prestiti S.p.A. (CDP), para conceder apoio financeiro ao Fundo Clima com o objetivo de financiar projetos, estudos e iniciativas voltados \u00e0 redu\u00e7\u00e3o das emiss\u00f5es de gases de efeito estufa e \u00e0 adapta\u00e7\u00e3o aos efeitos da mudan\u00e7a do clima no Brasil.<\/p>\n<p>O Fundo Clima \u00e9 um dos instrumentos de execu\u00e7\u00e3o da Pol\u00edtica Nacional sobre Mudan\u00e7a do Clima (PNMC) e se consolidou, nos \u00faltimos anos, como o principal fundo de financiamento \u00e0 transforma\u00e7\u00e3o ecol\u00f3gica no Brasil.<\/p>\n<p>O mecanismo mobilizou R$ 52,4 bilh\u00f5es desde 2023 para impulsionar projetos que fortalecem os setores de transi\u00e7\u00e3o energ\u00e9tica, ind\u00fastria verde, desenvolvimento urbano resiliente, log\u00edstica, mobilidade sustent\u00e1veis, florestas nativas, recursos h\u00eddricos, servi\u00e7os e inova\u00e7\u00e3o verdes. Apenas em 2025, alavancou R$ 34,6 bilh\u00f5es para essas iniciativas a partir de R$ 12,5 bilh\u00f5es aprovados em projetos, investidos pelo Governo do Brasil e pelo BNDES, e de aportes do setor privado, o que evidencia sua capacidade de combinar recursos p\u00fablicos e privados em escala para enfrentar a mudan\u00e7a do clima.<\/p>\n<p>\u201cA decis\u00e3o do governo da Alemanha em investir cerca de R$ 3 bilh\u00f5es no Fundo Clima \u00e9 mais uma demonstra\u00e7\u00e3o de\u00a0 credibilidade nos investimentos que o Brasil vem realizando no \u00e2mbito do Plano de Transforma\u00e7\u00e3o Ecol\u00f3gica. Nos \u00faltimos tr\u00eas anos, multiplicamos os investimentos anuais, que eram da ordem de R$ 400 milh\u00f5es. Neste ano de 2026, chegamos a R$ 27 bilh\u00f5es em or\u00e7amento para estimular empreendimentos nas \u00e1reas de adensamento tecnol\u00f3gico e bioeconomia, transi\u00e7\u00e3o energ\u00e9tica, economia circular e nova ind\u00fastria e infraestrutura resiliente e adapta\u00e7\u00e3o \u00e0 mudan\u00e7a do clima&#8221;, destacou o ministro Jo\u00e3o Paulo Capobianco.<\/p>\n<p>\u201cA assinatura da declara\u00e7\u00e3o na maior feira de tecnologia industrial do mundo demonstra o compromisso do governo do presidente Lula em fortalecer a coopera\u00e7\u00e3o hist\u00f3rica com a Alemanha. Iniciativas inovadoras como o aporte de parceiros estrangeiros no Fundo Clima reiteram nossa vis\u00e3o de um desenvolvimento inclusivo e atento \u00e0 transi\u00e7\u00e3o ecol\u00f3gica global. E o BNDES pode desempenhar um papel fundamental nessa parceria\u201d, afirmou o presidente do BNDES, Aloizio Mercadante.<\/p>\n","protected":false},"excerpt":{"rendered":"<p>Os governos brasileiro e alem\u00e3o firmaram na segunda-feira (20\/4), declara\u00e7\u00e3o conjunta em que a Alemanha manifesta a inten\u00e7\u00e3o de aportar at\u00e9 R$ 2,94 bilh\u00f5es (500 milh\u00f5es de euros) ao Fundo [&hellip;]<\/p>\n","protected":false},"author":2,"featured_media":5448,"comment_status":"open","ping_status":"open","sticky":false,"template":"","format":"standard","meta":{"footnotes":""},"categories":[120,8],"tags":[],"_links":{"self":[{"href":"https:\/\/ptmt.com.br\/index.php?rest_route=\/wp\/v2\/posts\/5447"}],"collection":[{"href":"https:\/\/ptmt.com.br\/index.php?rest_route=\/wp\/v2\/posts"}],"about":[{"href":"https:\/\/ptmt.com.br\/index.php?rest_route=\/wp\/v2\/types\/post"}],"author":[{"embeddable":true,"href":"https:\/\/ptmt.com.br\/index.php?rest_route=\/wp\/v2\/users\/2"}],"replies":[{"embeddable":true,"href":"https:\/\/ptmt.com.br\/index.php?rest_route=%2Fwp%2Fv2%2Fcomments&post=5447"}],"version-history":[{"count":1,"href":"https:\/\/ptmt.com.br\/index.php?rest_route=\/wp\/v2\/posts\/5447\/revisions"}],"predecessor-version":[{"id":5449,"href":"https:\/\/ptmt.com.br\/index.php?rest_route=\/wp\/v2\/posts\/5447\/revisions\/5449"}],"wp:featuredmedia":[{"embeddable":true,"href":"https:\/\/ptmt.com.br\/index.php?rest_route=\/wp\/v2\/media\/5448"}],"wp:attachment":[{"href":"https:\/\/ptmt.com.br\/index.php?rest_route=%2Fwp%2Fv2%2Fmedia&parent=5447"}],"wp:term":[{"taxonomy":"category","embeddable":true,"href":"https:\/\/ptmt.com.br\/index.php?rest_route=%2Fwp%2Fv2%2Fcategories&post=5447"},{"taxonomy":"post_tag","embeddable":true,"href":"https:\/\/ptmt.com.br\/index.php?rest_route=%2Fwp%2Fv2%2Ftags&post=5447"}],"curies":[{"name":"wp","href":"https:\/\/api.w.org\/{rel}","templated":true}]}}