{"id":5453,"date":"2026-04-23T13:11:43","date_gmt":"2026-04-23T17:11:43","guid":{"rendered":"https:\/\/ptmt.com.br\/?p=5453"},"modified":"2026-04-23T13:12:12","modified_gmt":"2026-04-23T17:12:12","slug":"coletivo-paratodos-reelege-vice-presidencia-da-ubes-e-amplia-participacao-na-executiva-da-entidade","status":"publish","type":"post","link":"https:\/\/ptmt.com.br\/?p=5453","title":{"rendered":"Coletivo ParaTodos reelege vice-presid\u00eancia da UBES e amplia participa\u00e7\u00e3o na executiva da entidade"},"content":{"rendered":"<p>Entre os dias 17, 18 e 19 de abril, durante o 46\u00ba Congresso Nacional da Uni\u00e3o Brasileira dos Estudantes Secundaristas (UBES), ficou evidenciada, mais uma vez, a for\u00e7a da juventude organizada. No total,\u00a0 946 votos de confian\u00e7a garantiram a perman\u00eancia da Juventude do Partido dos Trabalhadores (JPT) na vice-presid\u00eancia da entidade, al\u00e9m da continuidade na executiva nacional.<\/p>\n<p>O resultado, na avalia\u00e7\u00e3o do secret\u00e1rio de Juventude do PT de Mato Grosso, Denilson D\u2019arc, demonstra um avan\u00e7o coletivo, o fortalecimento da base estudantil e a vit\u00f3ria de quem acredita na transforma\u00e7\u00e3o social por meio da educa\u00e7\u00e3o.<\/p>\n<p>\u201cA conquista representa cada estudante que sonha com uma educa\u00e7\u00e3o p\u00fablica, inclusiva e transformadora. A perman\u00eancia da JPT na dire\u00e7\u00e3o da UBES refor\u00e7a o compromisso com a luta estudantil, a defesa de direitos e o protagonismo da juventude na constru\u00e7\u00e3o de um pa\u00eds mais justo e democr\u00e1tico\u201d, comemorou Denilson.<\/p>\n<p>A juventude do PT de Mato Grosso tamb\u00e9m esteve presente no congresso, representada pela delega\u00e7\u00e3o de estudantes do coletivo ParaTodos-MT, que reuniu jovens de diversas escolas da rede estadual e dos institutos federais. Durante o 46\u00ba CONUBES, a delega\u00e7\u00e3o apresentou pautas fundamentais para o movimento estudantil, como o fim da militariza\u00e7\u00e3o das escolas, a defesa de gr\u00eamios livres, a elei\u00e7\u00e3o direta para diretores, a amplia\u00e7\u00e3o do programa P\u00e9-de-Meia, a implementa\u00e7\u00e3o do passe livre estudantil, o fortalecimento da assist\u00eancia estudantil e maiores investimentos nos institutos federais.<\/p>\n<p>A delega\u00e7\u00e3o de Mato Grosso teve papel fundamental na vit\u00f3ria da JPT no congresso da UBES, refor\u00e7ando que a organiza\u00e7\u00e3o da juventude continua sendo um pilar essencial na constru\u00e7\u00e3o de um futuro mais justo, democr\u00e1tico e com mais oportunidades para todos.<\/p>\n<p>&nbsp;<\/p>\n<p><img loading=\"lazy\" decoding=\"async\" class=\"alignnone wp-image-5456\" src=\"https:\/\/ptmt.com.br\/wp-content\/uploads\/2026\/04\/WhatsApp-Image-2026-04-23-at-14.06.42-300x225.jpeg\" alt=\"\" width=\"402\" height=\"301\" srcset=\"https:\/\/ptmt.com.br\/wp-content\/uploads\/2026\/04\/WhatsApp-Image-2026-04-23-at-14.06.42-300x225.jpeg 300w, https:\/\/ptmt.com.br\/wp-content\/uploads\/2026\/04\/WhatsApp-Image-2026-04-23-at-14.06.42-1024x768.jpeg 1024w, https:\/\/ptmt.com.br\/wp-content\/uploads\/2026\/04\/WhatsApp-Image-2026-04-23-at-14.06.42-768x576.jpeg 768w, https:\/\/ptmt.com.br\/wp-content\/uploads\/2026\/04\/WhatsApp-Image-2026-04-23-at-14.06.42.jpeg 1280w\" sizes=\"(max-width: 402px) 100vw, 402px\" \/><\/p>\n","protected":false},"excerpt":{"rendered":"<p>Entre os dias 17, 18 e 19 de abril, durante o 46\u00ba Congresso Nacional da Uni\u00e3o Brasileira dos Estudantes Secundaristas (UBES), ficou evidenciada, mais uma vez, a for\u00e7a da juventude [&hellip;]<\/p>\n","protected":false},"author":2,"featured_media":5454,"comment_status":"open","ping_status":"open","sticky":false,"template":"","format":"standard","meta":{"footnotes":""},"categories":[9,8],"tags":[],"_links":{"self":[{"href":"https:\/\/ptmt.com.br\/index.php?rest_route=\/wp\/v2\/posts\/5453"}],"collection":[{"href":"https:\/\/ptmt.com.br\/index.php?rest_route=\/wp\/v2\/posts"}],"about":[{"href":"https:\/\/ptmt.com.br\/index.php?rest_route=\/wp\/v2\/types\/post"}],"author":[{"embeddable":true,"href":"https:\/\/ptmt.com.br\/index.php?rest_route=\/wp\/v2\/users\/2"}],"replies":[{"embeddable":true,"href":"https:\/\/ptmt.com.br\/index.php?rest_route=%2Fwp%2Fv2%2Fcomments&post=5453"}],"version-history":[{"count":1,"href":"https:\/\/ptmt.com.br\/index.php?rest_route=\/wp\/v2\/posts\/5453\/revisions"}],"predecessor-version":[{"id":5458,"href":"https:\/\/ptmt.com.br\/index.php?rest_route=\/wp\/v2\/posts\/5453\/revisions\/5458"}],"wp:featuredmedia":[{"embeddable":true,"href":"https:\/\/ptmt.com.br\/index.php?rest_route=\/wp\/v2\/media\/5454"}],"wp:attachment":[{"href":"https:\/\/ptmt.com.br\/index.php?rest_route=%2Fwp%2Fv2%2Fmedia&parent=5453"}],"wp:term":[{"taxonomy":"category","embeddable":true,"href":"https:\/\/ptmt.com.br\/index.php?rest_route=%2Fwp%2Fv2%2Fcategories&post=5453"},{"taxonomy":"post_tag","embeddable":true,"href":"https:\/\/ptmt.com.br\/index.php?rest_route=%2Fwp%2Fv2%2Ftags&post=5453"}],"curies":[{"name":"wp","href":"https:\/\/api.w.org\/{rel}","templated":true}]}}