{"id":5459,"date":"2026-04-24T14:45:55","date_gmt":"2026-04-24T18:45:55","guid":{"rendered":"https:\/\/ptmt.com.br\/?p=5459"},"modified":"2026-04-24T14:46:01","modified_gmt":"2026-04-24T18:46:01","slug":"instituto-lula-fortalece-formacao-de-novas-liderancas-politicas-progressistas","status":"publish","type":"post","link":"https:\/\/ptmt.com.br\/?p=5459","title":{"rendered":"Instituto Lula fortalece forma\u00e7\u00e3o de novas lideran\u00e7as pol\u00edticas progressistas"},"content":{"rendered":"<p>A qualifica\u00e7\u00e3o de jovens lideran\u00e7as tem se consolidado como uma marca do Instituto Lula, que promoveu, no final de mar\u00e7o, o curso \u201cLideran\u00e7a Pol\u00edtica Progressista para o Brasil dos Nossos Sonhos\u201d. A iniciativa teve como objetivo acelerar a forma\u00e7\u00e3o de l\u00edderes comprometidos com a transforma\u00e7\u00e3o do Brasil por meio da reflex\u00e3o, da a\u00e7\u00e3o e da inova\u00e7\u00e3o.<\/p>\n<p>Com vagas restritas para pessoas de at\u00e9 40 anos que atuam em governos, parlamentos, movimentos sociais, entidades sindicais, organiza\u00e7\u00f5es n\u00e3o governamentais e coletivos de ativistas, o curso reuniu militantes de todo o pa\u00eds em um processo seletivo bastante disputado. Mato Grosso contou com apenas um representante: Rodrigo Gomes, que passou por uma sele\u00e7\u00e3o criteriosa e garantiu sua participa\u00e7\u00e3o no evento.<\/p>\n<p>\u201cFoi uma experi\u00eancia inovadora e imersiva, em que pudemos compartilhar hist\u00f3rias, desafios, erros e acertos em nossas trajet\u00f3rias pol\u00edticas\u201d, destacou Rodrigo.<\/p>\n<p>A diretora do Centro para Imagina\u00e7\u00e3o Cr\u00edtica (Cebrap), Camila Rocha, conduziu a an\u00e1lise de conjuntura, abordando temas como as mudan\u00e7as no perfil do eleitorado, os novos fen\u00f4menos pol\u00edticos, a polariza\u00e7\u00e3o e as tend\u00eancias do cen\u00e1rio atual.<\/p>\n<p>A ex-ministra Miriam Belchior apresentou estrat\u00e9gias de planejamento com foco em abordagens institucionais, planejamento estrat\u00e9gico e nas linguagens utilizadas para a apresenta\u00e7\u00e3o e divulga\u00e7\u00e3o do Governo Lula, al\u00e9m da constru\u00e7\u00e3o de marcas institucionais e do monitoramento das a\u00e7\u00f5es planejadas.<\/p>\n<p>J\u00e1 Ot\u00e1vio Antunes, da Ag\u00eancia Urissana\u00ea, destacou como a comunica\u00e7\u00e3o se tornou a ess\u00eancia da lideran\u00e7a moderna. Aspectos simples, como olhar nos olhos, ouvir antes de falar e utilizar a t\u00e9cnica da repeti\u00e7\u00e3o para refor\u00e7ar a mensagem, foram amplamente explorados durante o curso.<\/p>\n<p>Vereador de Santo Andr\u00e9, o jovem Cl\u00f3vis Girardi levantou temas relevantes como a constru\u00e7\u00e3o de uma campanha eleitoral, a capacidade de inova\u00e7\u00e3o e os desafios enfrentados ap\u00f3s a conquista do mandato.<\/p>\n<p>A professora Ana Elisa Santos Silva abordou o tema \u201cComunica\u00e7\u00e3o Pol\u00edtica e Disputa de Narrativas nas Redes\u201d, ressaltando a import\u00e2ncia de uma comunica\u00e7\u00e3o estrat\u00e9gica e diferenciada para lideran\u00e7as progressistas, al\u00e9m de apresentar argumentos fundamentais para dialogar com diferentes perfis do eleitorado, especialmente com os setores de centro.<\/p>\n<p>Para o diretor do Instituto Lula e dirigente pol\u00edtico, Paulo Okamotto, esse tipo de forma\u00e7\u00e3o \u00e9 essencial, j\u00e1 que o Brasil precisa de mais lideran\u00e7as preparadas, competentes e capazes de convencer a sociedade sobre a import\u00e2ncia de um projeto democr\u00e1tico e igualit\u00e1rio de pa\u00eds.<\/p>\n<p>\u201cNossas lideran\u00e7as precisam dar uma paradinha para refletir sobre suas pr\u00e1ticas. E \u00e9 exatamente isso que esse curso ofereceu: reflex\u00f5es sobre teorias e processos para tornar o trabalho pol\u00edtico mais eficiente e, com isso, avan\u00e7armos mais rapidamente\u201d, afirmou.<\/p>\n<p>Rodrigo Gomes tamb\u00e9m destacou a relev\u00e2ncia da iniciativa diante do cen\u00e1rio atual.<\/p>\n<p>\u201cVivemos em um mundo em constante transforma\u00e7\u00e3o, no qual novas tecnologias e ferramentas est\u00e3o moldando a sociedade. O Brasil, assim como muitos outros pa\u00edses, enfrenta desafios complexos que exigem uma lideran\u00e7a inovadora, comprometida e capaz de interpretar e transformar a realidade. O curso trouxe esse contexto de forma pr\u00e1tica, capacitando novas lideran\u00e7as para que possamos contribuir com o futuro do nosso pa\u00eds\u201d, concluiu.<\/p>\n\n\t\t<style type=\"text\/css\">\n\t\t\t#gallery-1 {\n\t\t\t\tmargin: auto;\n\t\t\t}\n\t\t\t#gallery-1 .gallery-item {\n\t\t\t\tfloat: left;\n\t\t\t\tmargin-top: 10px;\n\t\t\t\ttext-align: center;\n\t\t\t\twidth: 33%;\n\t\t\t}\n\t\t\t#gallery-1 img {\n\t\t\t\tborder: 2px solid #cfcfcf;\n\t\t\t}\n\t\t\t#gallery-1 .gallery-caption {\n\t\t\t\tmargin-left: 0;\n\t\t\t}\n\t\t\t\/* see gallery_shortcode() in wp-includes\/media.php *\/\n\t\t<\/style>\n\t\t<div id='gallery-1' class='gallery galleryid-5459 gallery-columns-3 gallery-size-thumbnail'><dl class='gallery-item'>\n\t\t\t<dt class='gallery-icon landscape'>\n\t\t\t\t<a href='https:\/\/ptmt.com.br\/?attachment_id=5460'><img loading=\"lazy\" decoding=\"async\" width=\"150\" height=\"150\" src=\"https:\/\/ptmt.com.br\/wp-content\/uploads\/2026\/04\/WhatsApp-Image-2026-04-24-at-15.36.32-150x150.jpeg\" class=\"attachment-thumbnail size-thumbnail\" alt=\"\" \/><\/a>\n\t\t\t<\/dt><\/dl><dl class='gallery-item'>\n\t\t\t<dt class='gallery-icon landscape'>\n\t\t\t\t<a href='https:\/\/ptmt.com.br\/?attachment_id=5461'><img loading=\"lazy\" decoding=\"async\" width=\"150\" height=\"150\" src=\"https:\/\/ptmt.com.br\/wp-content\/uploads\/2026\/04\/WhatsApp-Image-2026-04-24-at-15.38.08-150x150.jpeg\" class=\"attachment-thumbnail size-thumbnail\" alt=\"\" \/><\/a>\n\t\t\t<\/dt><\/dl><dl class='gallery-item'>\n\t\t\t<dt class='gallery-icon landscape'>\n\t\t\t\t<a href='https:\/\/ptmt.com.br\/?attachment_id=5462'><img loading=\"lazy\" decoding=\"async\" width=\"150\" height=\"150\" src=\"https:\/\/ptmt.com.br\/wp-content\/uploads\/2026\/04\/WhatsApp-Image-2026-04-24-at-15.38.55-150x150.jpeg\" class=\"attachment-thumbnail size-thumbnail\" alt=\"\" \/><\/a>\n\t\t\t<\/dt><\/dl><br style=\"clear: both\" \/><dl class='gallery-item'>\n\t\t\t<dt class='gallery-icon landscape'>\n\t\t\t\t<a href='https:\/\/ptmt.com.br\/?attachment_id=5463'><img loading=\"lazy\" decoding=\"async\" width=\"150\" height=\"150\" src=\"https:\/\/ptmt.com.br\/wp-content\/uploads\/2026\/04\/WhatsApp-Image-2026-04-24-at-15.39.12-150x150.jpeg\" class=\"attachment-thumbnail size-thumbnail\" alt=\"\" \/><\/a>\n\t\t\t<\/dt><\/dl><dl class='gallery-item'>\n\t\t\t<dt class='gallery-icon landscape'>\n\t\t\t\t<a href='https:\/\/ptmt.com.br\/?attachment_id=5464'><img loading=\"lazy\" decoding=\"async\" width=\"150\" height=\"150\" src=\"https:\/\/ptmt.com.br\/wp-content\/uploads\/2026\/04\/WhatsApp-Image-2026-04-24-at-15.39.26-150x150.jpeg\" class=\"attachment-thumbnail size-thumbnail\" alt=\"\" \/><\/a>\n\t\t\t<\/dt><\/dl><dl class='gallery-item'>\n\t\t\t<dt class='gallery-icon landscape'>\n\t\t\t\t<a href='https:\/\/ptmt.com.br\/?attachment_id=5465'><img loading=\"lazy\" decoding=\"async\" width=\"150\" height=\"150\" src=\"https:\/\/ptmt.com.br\/wp-content\/uploads\/2026\/04\/WhatsApp-Image-2026-04-24-at-15.39.51-150x150.jpeg\" class=\"attachment-thumbnail size-thumbnail\" alt=\"\" \/><\/a>\n\t\t\t<\/dt><\/dl><br style=\"clear: both\" \/>\n\t\t<\/div>\n\n","protected":false},"excerpt":{"rendered":"<p>A qualifica\u00e7\u00e3o de jovens lideran\u00e7as tem se consolidado como uma marca do Instituto Lula, que promoveu, no final de mar\u00e7o, o curso \u201cLideran\u00e7a Pol\u00edtica Progressista para o Brasil dos Nossos [&hellip;]<\/p>\n","protected":false},"author":2,"featured_media":5463,"comment_status":"open","ping_status":"open","sticky":false,"template":"","format":"standard","meta":{"footnotes":""},"categories":[9,8],"tags":[],"_links":{"self":[{"href":"https:\/\/ptmt.com.br\/index.php?rest_route=\/wp\/v2\/posts\/5459"}],"collection":[{"href":"https:\/\/ptmt.com.br\/index.php?rest_route=\/wp\/v2\/posts"}],"about":[{"href":"https:\/\/ptmt.com.br\/index.php?rest_route=\/wp\/v2\/types\/post"}],"author":[{"embeddable":true,"href":"https:\/\/ptmt.com.br\/index.php?rest_route=\/wp\/v2\/users\/2"}],"replies":[{"embeddable":true,"href":"https:\/\/ptmt.com.br\/index.php?rest_route=%2Fwp%2Fv2%2Fcomments&post=5459"}],"version-history":[{"count":1,"href":"https:\/\/ptmt.com.br\/index.php?rest_route=\/wp\/v2\/posts\/5459\/revisions"}],"predecessor-version":[{"id":5466,"href":"https:\/\/ptmt.com.br\/index.php?rest_route=\/wp\/v2\/posts\/5459\/revisions\/5466"}],"wp:featuredmedia":[{"embeddable":true,"href":"https:\/\/ptmt.com.br\/index.php?rest_route=\/wp\/v2\/media\/5463"}],"wp:attachment":[{"href":"https:\/\/ptmt.com.br\/index.php?rest_route=%2Fwp%2Fv2%2Fmedia&parent=5459"}],"wp:term":[{"taxonomy":"category","embeddable":true,"href":"https:\/\/ptmt.com.br\/index.php?rest_route=%2Fwp%2Fv2%2Fcategories&post=5459"},{"taxonomy":"post_tag","embeddable":true,"href":"https:\/\/ptmt.com.br\/index.php?rest_route=%2Fwp%2Fv2%2Ftags&post=5459"}],"curies":[{"name":"wp","href":"https:\/\/api.w.org\/{rel}","templated":true}]}}